{"id":152460,"date":"2025-01-28T15:07:42","date_gmt":"2025-01-28T14:07:42","guid":{"rendered":"https:\/\/purovitalis.com\/?p=152460"},"modified":"2025-08-08T12:07:15","modified_gmt":"2025-08-08T11:07:15","slug":"soevn-for-longevity","status":"publish","type":"post","link":"https:\/\/staging.purovitalis.com\/da\/sleep-for-longevity\/","title":{"rendered":"S\u00f8vn for longevity"},"content":{"rendered":"<div class=\"taxonomy-post_tag blog-tags wp-block-post-terms\"><a href=\"https:\/\/staging.purovitalis.com\/da\/tag\/collagen\/\" rel=\"tag\">kollagen<\/a><span class=\"wp-block-post-terms__separator\"> <\/span><a href=\"https:\/\/staging.purovitalis.com\/da\/tag\/energy\/\" rel=\"tag\">Energi<\/a><span class=\"wp-block-post-terms__separator\"> <\/span><a href=\"https:\/\/staging.purovitalis.com\/da\/tag\/glycine\/\" rel=\"tag\">glycin<\/a><span class=\"wp-block-post-terms__separator\"> <\/span><a href=\"https:\/\/staging.purovitalis.com\/da\/tag\/lergothioneine\/\" rel=\"tag\">lergothionein<\/a><span class=\"wp-block-post-terms__separator\"> <\/span><a href=\"https:\/\/staging.purovitalis.com\/da\/tag\/longevity\/\" rel=\"tag\">longevity<\/a><span class=\"wp-block-post-terms__separator\"> <\/span><a href=\"https:\/\/staging.purovitalis.com\/da\/tag\/nmn\/\" rel=\"tag\">nmn<\/a><span class=\"wp-block-post-terms__separator\"> <\/span><a href=\"https:\/\/staging.purovitalis.com\/da\/tag\/recovery\/\" rel=\"tag\">Genopretning<\/a><\/div>\n\n\n<div class=\"wp-block-group blog-table-of-contents\"><div class=\"wp-block-group__inner-container is-layout-constrained wp-block-group-is-layout-constrained\">\n<p class=\"wp-block-paragraph\">Indholdsfortegnelse<\/p>\n\n\n\n<ul class=\"wp-block-list\">\n<li><a href=\"#h-why-do-we-sleep\">Hvorfor sover vi?<\/a><\/li>\n\n\n\n<li><a href=\"#h-what-happens-when-we-sleep\">Hvad sker der, n\u00e5r vi sover?<\/a><\/li>\n\n\n\n<li><a href=\"#h-how-much-sleep-do-we-need\">Hvor meget s\u00f8vn har vi brug for?<\/a><\/li>\n\n\n\n<li><a href=\"#h-do-woman-need-more-sleep-than-men\">Har kvinder brug for mere s\u00f8vn end m\u00e6nd?<\/a><\/li>\n\n\n\n<li><a href=\"#h-sleep-stages\">S\u00f8vnfaser<\/a><\/li>\n\n\n\n<li><a href=\"#h-beauty-sleep-does-lack-of-sleep-age-your-skin\">\u201cSk\u00f8nhedss\u00f8vn\u201d \u2013 f\u00e5r s\u00f8vnmangel huden til at \u00e6ldes?<\/a><\/li>\n\n\n\n<li><a href=\"#h-what-do-the-experts-say\">Hvad siger eksperterne?<\/a><\/li>\n\n\n\n<li><a href=\"#h-qqrt-the-4-macros-for-good-sleep\">QQRT: De 4 makroer til en god s\u00f8vn<\/a><\/li>\n<\/ul>\n<\/div><\/div>\n\n\n\n<blockquote class=\"wp-block-quote is-style-default has-small-font-size is-layout-flow wp-block-quote-is-layout-flow\" style=\"padding-top:25px;padding-bottom:25px\">\n<blockquote class=\"wp-block-quote is-layout-flow wp-block-quote-is-layout-flow\">\n<p class=\"has-text-align-center wp-block-paragraph\" style=\"font-size:17px\">\u201c<em>Den bedste livsforsikring, jeg kender til \u2013 og den er tilg\u00e6ngelig for alle og stort set gratis<\/em>,<em> \u201d\u2026 og stort set smertefri \u2013 det er det, man kalder en god nats s\u00f8vn. S\u00e5 det vil jeg give mig selv i gave hver eneste nat.\u00ab<\/em> <strong> <\/strong><\/p>\n<\/blockquote>\n\n\n\n<p class=\"has-text-align-center wp-block-paragraph\" style=\"font-size:16px\"><strong>Dr. Matt Walker <\/strong><\/p>\n<\/blockquote>\n\n\n\n<h2 class=\"wp-block-heading\" id=\"h-why-do-we-sleep\">Hvorfor sover vi?<\/h2>\n\n\n\n<p class=\"wp-block-paragraph\"><br>Har du sovet godt? Det er ofte det f\u00f8rste sp\u00f8rgsm\u00e5l, vi h\u00f8rer \u2013 eller stiller os selv \u2013 om morgenen. Men hvad betyder det egentlig? T\u00e6nker du p\u00e5, hvor mange timer du har sovet, eller p\u00e5, hvor rolig og uforstyrret din nat var?<\/p>\n\n\n\n<p class=\"wp-block-paragraph\">Sandheden er, at uden s\u00f8vn fungerer intet. Det er nemlig under s\u00f8vnen, at kroppen genopbygger sig, hjernen nulstilles, og f\u00f8lelserne falder til ro. Og alligevel er vi den eneste art, der v\u00e6lger at springe s\u00f8vnen over. P\u00e5 grund af arbejde, sociale aftaler \u2013 eller bare endnu et afsnit p\u00e5 Netflix.<\/p>\n\n\n\n<p class=\"wp-block-paragraph\">I gennemsnit sover vi 90 minutter mindre, end vi burde. Og det handler ikke kun om at f\u00f8le sig tr\u00e6t. Det fremskynder aldringen, sv\u00e6kker immunforsvaret og \u00f8ger risikoen for alvorlige helbredsproblemer som hjertesygdomme og kr\u00e6ft.<\/p>\n\n\n\n<p class=\"wp-block-paragraph\">En god nattes\u00f8vn f\u00e5r dig ikke bare til at f\u00f8le dig bedre \u2013 den hj\u00e6lper dig ogs\u00e5 med at leve l\u00e6ngere og sundere.<br>Og du kender jo forskellen: Efter en d\u00e5rlig nat f\u00f8les alting sv\u00e6rere. Men efter en god nat? S\u00e5 er du mere klar i hovedet, st\u00e6rkere, og livet f\u00f8les lettere.<\/p>\n\n\n\n<p class=\"wp-block-paragraph\">S\u00f8vn er ikke en luksus. Det er din daglige investering i sundhed, energi og din <a href=\"https:\/\/staging.purovitalis.com\/da\/livsstil\/\">levetid.<\/a> <\/p>\n\n\n\n<figure class=\"wp-block-embed is-type-video is-provider-vimeo wp-block-embed-vimeo wp-embed-aspect-16-9 wp-has-aspect-ratio\"><div class=\"wp-block-embed__wrapper\">\n<iframe loading=\"lazy\" title=\"Purovitalis \u2013 Undervisningsserie \u2013 S\u00f8vn\" src=\"https:\/\/player.vimeo.com\/video\/950673631?dnt=1&amp;app_id=122963\" width=\"500\" height=\"281\" frameborder=\"0\" allow=\"autoplay; fullscreen; picture-in-picture; clipboard-write; encrypted-media; web-share\" referrerpolicy=\"strict-origin-when-cross-origin\"><\/iframe>\n<\/div><\/figure>\n\n\n\n<h3 class=\"wp-block-heading\" id=\"h-what-happens-when-we-sleep\">Hvad sker der, n\u00e5r vi sover?<\/h3>\n\n\n\n<figure class=\"wp-block-table\"><table class=\"has-fixed-layout\"><thead><tr><th><strong>Funktion<\/strong><\/th><th><strong>Hvad sker der, mens man sover?<\/strong><\/th><\/tr><\/thead><tbody><tr><td><strong>Karrosserireparation og -genopretning<\/strong><\/td><td>Beskadiget v\u00e6v repareres, muskler genopbygges, og regenereringshormoner frigives \u2014 det er din krops natlige vedligeholdelsesskift.<\/td><\/tr><tr><td><strong>Energibesparelse<\/strong><\/td><td>Stoffskiftet s\u00e6nkes for at spare energi til den n\u00e6ste dag \u2013 ligesom n\u00e5r man skifter til str\u00f8mbesparende tilstand.<\/td><\/tr><tr><td><strong>Hjerne-detox <\/strong><\/td><td>Hjernen fjerner affaldsstoffer som beta-amyloid, hvilket mindsker risikoen for sygdomme som Alzheimers.<\/td><\/tr><tr><td><strong>Hukommelse og indl\u00e6ring<\/strong><\/td><td>Din hjerne strukturerer og lagrer dagens informationer, hvilket hj\u00e6lper dig med at huske og forst\u00e5 det, du har l\u00e6rt.<\/td><\/tr><tr><td><strong>Hjertegenoptr\u00e6ning<\/strong><\/td><td>Puls og blodtryk falder, hvilket giver dit hjerte-kar-system en tiltr\u00e6ngt pause.<\/td><\/tr><tr><td><strong>Styrkelse af immunsystemet<\/strong><\/td><td>Der dannes infektionsbek\u00e6mpende proteiner, som styrker dit immunforsvar og mindsker bet\u00e6ndelse.<\/td><\/tr><tr><td><strong>Nulstilling af d\u00f8gnrytmen<\/strong><\/td><td>Dit indre biologiske ur synkroniserer sig og hj\u00e6lper dermed med at regulere s\u00f8vn-v\u00e5gen-cyklusser, hum\u00f8r, ford\u00f8jelse og energi.<\/td><\/tr><tr><td><strong>F\u00f8lelsesm\u00e6ssig bearbejdning og stress<\/strong><\/td><td>S\u00f8vn hj\u00e6lper med at skabe balance i f\u00f8lelserne og mindske stress ved at berolige hjernen og bearbejde de f\u00f8lelsesm\u00e6ssige indtryk.<\/td><\/tr><tr><td><strong>Hormonregulering<\/strong><\/td><td>De vigtigste hormoner, der regulerer appetit, stress og blodsukker, stabiliseres \u2014 hvilket er med til at forebygge trang til mad, hum\u00f8rsvingninger og ubalance.<\/td><\/tr><\/tbody><\/table><figcaption class=\"wp-element-caption\">Kilde: Patel AK, Reddy V, Shumway KR, Araujo JF. <em><a href=\"https:\/\/www.ncbi.nlm.nih.gov\/books\/NBK526132\/\">Fysiologi, s\u00f8vnfase<\/a><\/em><\/figcaption><\/figure>\n\n\n\n<h2 class=\"wp-block-heading\" id=\"h-how-much-sleep-do-we-need\">Hvor meget s\u00f8vn har vi brug for? <\/h2>\n\n\n\n<p class=\"wp-block-paragraph\">Dit s\u00f8vnbehov er ikke fast \u2013 det \u00e6ndrer sig med alderen og varierer fra person til person. En unders\u00f8gelse fra 2018 <a href=\"https:\/\/pmc.ncbi.nlm.nih.gov\/articles\/PMC6267703\/\">unders\u00f8gelse<\/a> viste f\u00f8lgende: Nyf\u00f8dte har brug for op til 17 timers s\u00f8vn om dagen, mens voksne har brug for 7\u20139 timer for at fungere optimalt. N\u00e5r vi bliver \u00e6ldre, falder den samlede s\u00f8vntid ofte, ikke fordi vi har brug for mindre s\u00f8vn, men fordi vi ikke kan f\u00e5 en dyb, genopbyggende s\u00f8vn.<\/p>\n\n\n\n<p class=\"wp-block-paragraph\">Men det handler ikke kun om, hvor l\u00e6nge man sover \u2013 s\u00f8vnkvaliteten og regelm\u00e6ssigheden er lige s\u00e5 vigtige. Unders\u00f8gelsen viser, at det at opretholde gode s\u00f8vnvaner er lige s\u00e5 vigtigt som s\u00f8vnvarigheden for det generelle helbred og velbefindende.<\/p>\n\n\n\n<div class=\"wp-block-group blog-tip\"><div class=\"wp-block-group__inner-container is-layout-constrained wp-block-group-is-layout-constrained\">\n<p class=\"wp-block-paragraph\"><em>L\u00e6s videre<\/em><\/p>\n\n\n\n<p class=\"wp-block-paragraph\"><em>L\u00e6r, hvordan Dr. Matt Walker definerer god s\u00f8vn ud fra de fire centrale makron\u00e6ringsstoffer\u2014<a href=\"#h-qqrt-the-4-macros-for-good-sleep\">QQRT<\/a>: <\/em><br><em>M\u00e6ngde, kvalitet, regelm\u00e6ssighed og timing. Hvis du f\u00e5r styr p\u00e5 disse faktorer, kan det hj\u00e6lpe dig med at sove bedre, styrke din krop, sk\u00e6rpe din hjerne og forbedre dit generelle helbred.<\/em><\/p>\n<\/div><\/div>\n\n\n\n<h3 class=\"wp-block-heading\" id=\"h-do-woman-need-more-sleep-than-men\">Har kvinder brug for mere s\u00f8vn end m\u00e6nd?<\/h3>\n\n\n\n<p class=\"wp-block-paragraph\">If\u00f8lge en amerikansk unders\u00f8gelse sover kvinder i gennemsnit 11 minutter l\u00e6ngere om natten end m\u00e6nd, men deres s\u00f8vn er ofte mere afbrudt og af d\u00e5rligere kvalitet. Hormonelle forandringer, menstruation, graviditet, overgangsalder og omsorgsopgaver medf\u00f8rer flere opv\u00e5gninger og en mere fragmenteret s\u00f8vn.<\/p>\n\n\n\n<p class=\"wp-block-paragraph\">Selvom kvinder sover l\u00e6ngere, oplever m\u00e6nd ofte en mere uafbrudt og sammenh\u00e6ngende s\u00f8vn, hvilket kan f\u00f8re til bedre restitution. Unders\u00f8gelsen understreger, at s\u00f8vnkvalitet og regelm\u00e6ssighed er lige s\u00e5 vigtige som s\u00f8vnens varighed.<\/p>\n\n\n\n<p class=\"wp-block-paragraph\">L\u00e6s hele unders\u00f8gelsen <strong><a href=\"https:\/\/pmc.ncbi.nlm.nih.gov\/articles\/PMC4164903\/\">her<\/a><\/strong>.<\/p>\n\n\n\n<figure class=\"wp-block-image size-full\"><img loading=\"lazy\" decoding=\"async\" width=\"1024\" height=\"501\" src=\"https:\/\/staging.purovitalis.com\/wp-content\/uploads\/2025\/01\/image-header-template-copy.webp\" alt=\"en sovende kvinde\" class=\"wp-image-154625\" srcset=\"https:\/\/staging.purovitalis.com\/wp-content\/uploads\/2025\/01\/image-header-template-copy.webp 1024w, https:\/\/staging.purovitalis.com\/wp-content\/uploads\/2025\/01\/image-header-template-copy-400x196.webp 400w, https:\/\/staging.purovitalis.com\/wp-content\/uploads\/2025\/01\/image-header-template-copy-768x376.webp 768w, https:\/\/staging.purovitalis.com\/wp-content\/uploads\/2025\/01\/image-header-template-copy-60x29.webp 60w, https:\/\/staging.purovitalis.com\/wp-content\/uploads\/2025\/01\/image-header-template-copy-110x54.webp 110w, https:\/\/staging.purovitalis.com\/wp-content\/uploads\/2025\/01\/image-header-template-copy-600x294.webp 600w\" sizes=\"auto, (max-width: 1024px) 100vw, 1024px\" \/><\/figure>\n\n\n\n<h2 class=\"wp-block-heading\" id=\"h-sleep-stages\">S\u00f8vnfaser: <\/h2>\n\n\n\n<p class=\"wp-block-paragraph\">S\u00f8vn best\u00e5r af to hovedfaser: NREM og REM. NREM omfatter tre stadier (N1, N2 og N3), og REM er det stadie, hvor de fleste dr\u00f8mme finder sted. S\u00f8vnen foreg\u00e5r i 90-minutters cyklusser, der omfatter alle fire stadier. En hel nats s\u00f8vn best\u00e5r normalt af 4 til 6 af disse cyklusser, hvilket giver kroppen og hjernen tid til at restituere sig, reparere sig selv og bearbejde dagens begivenheder.<\/p>\n\n\n\n<figure class=\"wp-block-table\"><table class=\"has-fixed-layout\"><thead><tr><th><strong>Scene<\/strong><\/th><th><strong>Type<\/strong><\/th><th><strong>Hvad sker der?<\/strong><\/th><th><strong>Hvorfor det er vigtigt<\/strong><\/th><\/tr><\/thead><tbody><tr><td><strong>N1<\/strong><\/td><td>Let s\u00f8vn<\/td><td>Du sv\u00e6ver mellem at v\u00e6re v\u00e5gen og at sove. Musklerne slapper af, og vejrtr\u00e6kningen bliver langsommere. Varer 1\u20135 minutter.<\/td><td>Forbereder din krop og dit sind p\u00e5 en dybere s\u00f8vn.<\/td><\/tr><tr><td><strong>N2<\/strong><\/td><td>Let s\u00f8vn<\/td><td>Pulsfrekvensen falder, kropstemperaturen falder, og hjerneaktiviteten aftager. Varer 10\u201325 minutter.<\/td><td>Hj\u00e6lper din hjerne med at bearbejde og lagre information.<\/td><\/tr><tr><td><strong>N3<\/strong><\/td><td>Dyb s\u00f8vn<\/td><td>Den dybeste og mest genopbyggende s\u00f8vn. \u00c5ndedr\u00e6ttet bliver langsommere, og v\u00e6vsreparationen g\u00e5r i gang. Varer 20\u201340 minutter.<\/td><td>Afg\u00f8rende for den fysiske restitution og for at styrke immunforsvaret.<\/td><\/tr><tr><td><strong>REM<\/strong><\/td><td>Dr\u00f8mmes\u00f8vn<\/td><td>Din hjerne bliver meget aktiv, du dr\u00f8mmer, og din krop er midlertidigt lammet. Dette gentager sig hvert 90. minut.<\/td><td>Fremmer hukommelsen, indl\u00e6ringen, den f\u00f8lelsesm\u00e6ssige balance og kreativiteten.<\/td><\/tr><\/tbody><\/table><\/figure>\n\n\n\n<h3 class=\"wp-block-heading\" id=\"h-how-do-i-get-more-rem-sleep\">Hvordan f\u00e5r jeg mere REM-s\u00f8vn?<\/h3>\n\n\n\n<p class=\"wp-block-paragraph\">REM-s\u00f8vn forekommer i hver s\u00f8vncyklus, men bliver gradvist l\u00e6ngere og mere dominerende, efterh\u00e5nden som natten skrider frem. Tidligt p\u00e5 natten varer REM-s\u00f8vnen kun et par minutter, men i nattens anden halvdel kan den str\u00e6kke sig til 30\u201360 minutter pr. cyklus.<\/p>\n\n\n\n<p class=\"wp-block-paragraph\">Det betyder, at hvis du sover for lidt, g\u00e5r du glip af de l\u00e6ngste REM-perioder, som er afg\u00f8rende for hukommelsen, indl\u00e6ringen og reguleringen af f\u00f8lelserne. Derfor er b\u00e5de s\u00f8vnkvaliteten og s\u00f8vnvarigheden afg\u00f8rende for, at man f\u00e5r nok REM-s\u00f8vn.<\/p>\n\n\n\n<p class=\"wp-block-paragraph\"><strong>F\u00e5 nok s\u00f8vn<\/strong>: 7\u20139 timer om natten, da REM-cyklusserne bliver l\u00e6ngere, jo l\u00e6ngere man sover.<\/p>\n\n\n\n<p class=\"wp-block-paragraph\"><strong>Hold dig til en fast s\u00f8vnrytme<\/strong>: G\u00e5 i seng og st\u00e5 op p\u00e5 samme tid hver dag for at regulere din krops s\u00f8vn-v\u00e5gen-rytme.<\/p>\n\n\n\n<p class=\"wp-block-paragraph\"><strong>Begr\u00e6ns alkoholindtaget<\/strong>: Alkohol kan forstyrre din REM-s\u00f8vn.<\/p>\n\n\n\n<p class=\"wp-block-paragraph\"><strong>H\u00e5ndter stress<\/strong>: Stort stress kan mindske REM-s\u00f8vnen. Pr\u00f8v yoga, meditation eller dyb vejrtr\u00e6kning.<\/p>\n\n\n\n<p class=\"wp-block-paragraph\"><strong>G\u00f8r dit sovev\u00e6relse til et sted, der indbyder til s\u00f8vn<\/strong>: S\u00f8rg for, at dit sovev\u00e6relse er k\u00f8ligt, m\u00f8rkt og stille, s\u00e5 du undg\u00e5r forstyrrelser.<\/p>\n\n\n\n<p class=\"wp-block-paragraph\"><strong>Ingen sk\u00e6rme f\u00f8r sengetid<\/strong>: Bl\u00e5t lys fra mobiltelefoner eller b\u00e6rbare computere kan forsinke REM-s\u00f8vnen ved at h\u00e6mme produktionen af melatonin.<\/p>\n\n\n\n<p class=\"wp-block-paragraph\"><strong>Tr\u00e6n hver dag<\/strong>: Moderat motion i l\u00f8bet af dagen fremmer s\u00f8vnen, herunder REM-s\u00f8vnen. Undg\u00e5 intens motion inden sengetid.<\/p>\n\n\n\n<p class=\"wp-block-paragraph\">Ingen af s\u00f8vnfaserne er vigtigere end de andre \u2013 hver is\u00e6r spiller en unik og afg\u00f8rende rolle for at opretholde den fysiske og mentale sundhed. Mens REM-s\u00f8vn er afg\u00f8rende for hukommelsen, indl\u00e6ringen og den f\u00f8lelsesm\u00e6ssige bearbejdning, er dyb s\u00f8vn lige s\u00e5 vigtig for den fysiske regenerering og immunforsvaret.<\/p>\n\n\n\n<h3 class=\"wp-block-heading\" id=\"h-how-do-i-get-more-deep-sleep-n3\">Hvordan f\u00e5r jeg mere dyb s\u00f8vn (N3)?<\/h3>\n\n\n\n<p class=\"wp-block-paragraph\">Dyb s\u00f8vn er den fase, hvor kroppen regenererer sig selv, styrker hukommelsen og forbereder sig p\u00e5 den kommende dag. Den b\u00f8r udg\u00f8re ca. 13\u201323% af din samlede s\u00f8vn, hvilket svarer til 55\u2013110 minutter pr. nat.<\/p>\n\n\n\n<p class=\"wp-block-paragraph\">Det er lettere sagt end gjort \u2014 dyb s\u00f8vn aftager naturligt med alderen og falder ofte til blot <strong>10\u201315%<\/strong> hos \u00e6ldre voksne. Hvis du holder \u00f8je med din s\u00f8vn og konsekvent ligger under dette interval, er det m\u00e5ske p\u00e5 tide at \u00e6ndre dine vaner.<\/p>\n\n\n\n<figure class=\"wp-block-table\"><table class=\"has-fixed-layout\"><thead><tr><th><strong>Tip<\/strong><\/th><th><strong>Hvorfor det hj\u00e6lper<\/strong><\/th><\/tr><\/thead><tbody><tr><td><strong>Hold dig til en fast rutine<\/strong><\/td><td>En fast sengetid hj\u00e6lper din krop med at falde ind i en dybere s\u00f8vn.<\/td><\/tr><tr><td><strong>L\u00e6g sk\u00e6rmene v\u00e6k inden sengetid<\/strong><\/td><td>Bl\u00e5t lys blokerer produktionen af melatonin, hvilket forsinker den dybe s\u00f8vn.<\/td><\/tr><tr><td><strong>Motion \u2013 men ikke for sent<\/strong><\/td><td>Bev\u00e6gelse fremmer dyb s\u00f8vn, men intens tr\u00e6ning f\u00f8r sengetid kan forstyrre den.<\/td><\/tr><tr><td><strong>Indret et sovev\u00e6relse, der indbyder til s\u00f8vn<\/strong><\/td><td>Opbevar det p\u00e5 et k\u00f8ligt (16\u201318 \u00b0C), m\u00f8rkt og roligt sted for at minimere forstyrrelser.<\/td><\/tr><tr><td><strong>Undg\u00e5 koffein og alkohol<\/strong><\/td><td>Begge dele forringer kvaliteten af den dybe s\u00f8vn.<\/td><\/tr><tr><td><strong>Pr\u00f8v magnesium eller glycin<\/strong><\/td><td>Unders\u00f8gelser tyder p\u00e5, at de kan \u00f8ge s\u00f8vnens dybde og effektivitet.<\/td><\/tr><\/tbody><\/table><\/figure>\n\n\n\n<div class=\"wp-block-group blog-summary\"><div class=\"wp-block-group__inner-container is-layout-constrained wp-block-group-is-layout-constrained\">\n<p class=\"wp-block-paragraph\">Oversigt over s\u00f8vnfaser<\/p>\n\n\n\n<p class=\"wp-block-paragraph\">Hvert s\u00f8vnstadium har en unik funktion \u2014 lige fra at hj\u00e6lpe kroppen med at slappe af til at reparere v\u00e6v, styrke hukommelsen og bearbejde f\u00f8lelser. REM-s\u00f8vnen bliver l\u00e6ngere senere p\u00e5 natten, s\u00e5 det er vigtigt at sove 7\u20139 timer. Dyb s\u00f8vn er den mest genopbyggende, men aftager med alderen. Fremme begge dele ved at holde en regelm\u00e6ssig rutine, h\u00e5ndtere stress, undg\u00e5 sk\u00e6rme inden sengetid og skabe et roligt sovemilj\u00f8.<\/p>\n<\/div><\/div>\n\n\n\n<h2 class=\"wp-block-heading\" id=\"h-beauty-sleep-does-lack-of-sleep-age-your-skin\">\u201cSk\u00f8nhedss\u00f8vn\u201d \u2013 f\u00e5r s\u00f8vnmangel huden til at \u00e6ldes? <\/h2>\n\n\n\n<p class=\"wp-block-paragraph\">Vi har alle pr\u00f8vet det: den der fornemmelse i kroppen efter en d\u00e5rlig nats s\u00f8vn eller i perioder med kronisk s\u00f8vnmangel. \u00c5rsagerne kan v\u00e6re mange \u2013 en baby, der ikke vil sove, stress p\u00e5 arbejdet eller noget helt andet. Og s\u00e5 kommer den der bem\u00e6rkning: <em>\u201cDu ser s\u00e5 tr\u00e6t ud!\u201d<\/em> Desv\u00e6rre er det ofte s\u00e5dan, n\u00e5r man har sovet d\u00e5rligt.<\/p>\n\n\n\n<p class=\"wp-block-paragraph\">A <a href=\"https:\/\/pubmed.ncbi.nlm.nih.gov\/23997369\/\">unders\u00f8gelse<\/a> Forskere fra Karolinska Institutet i Stockholm har unders\u00f8gt, hvordan s\u00f8vnmangel p\u00e5virker ens ansigt, og hvordan andre opfatter disse forandringer.<\/p>\n\n\n\n<p class=\"wp-block-paragraph\">I unders\u00f8gelsen blev 10 personer fotograferet efter en hel nats s\u00f8vn og igen efter 31 timers s\u00f8vnmangel. 40 observat\u00f8rer vurderede derefter billederne med hensyn til tr\u00e6thed og specifikke ansigtstr\u00e6k s\u00e5som h\u00e6ngende \u00f8jenl\u00e5g, m\u00f8rke rande under \u00f8jnene, bleg hud og r\u00f8de \u00f8jne.<\/p>\n\n\n\n<p class=\"wp-block-paragraph\">Resultaterne viste, at s\u00f8vnmangel har stor indflydelse p\u00e5 ens ansigt. Personer med s\u00f8vnmangel s\u00e5 mere tr\u00e6tte ud, med mere h\u00e6ngende \u00f8jenl\u00e5g, mere h\u00e6vede og r\u00f8dere \u00f8jne, m\u00f8rkere rande under \u00f8jnene og blegere hud. De s\u00e5 ogs\u00e5 mere triste ud.<\/p>\n\n\n\n<h3 class=\"wp-block-heading\" id=\"h-best-sleeping-position-for-longevity\">Den bedste sovestilling for et langt liv<\/h3>\n\n\n\n<p class=\"wp-block-paragraph\">Den m\u00e5de, du sover p\u00e5, kan p\u00e5virke din kropsholdning, vejrtr\u00e6kning og endda, hvor godt din krop kommer sig i l\u00f8bet af natten. Selvom den personlige komfort spiller en stor rolle, kan visse sovestillinger give st\u00f8rre sundhedsm\u00e6ssige fordele p\u00e5 lang sigt end andre.<\/p>\n\n\n\n<p class=\"wp-block-paragraph\"><strong>At sove p\u00e5 ryggen: <\/strong>N\u00e5r man sover p\u00e5 ryggen, holdes rygs\u00f8jlen i den rette stilling, og trykket p\u00e5 leddene mindskes. Det minimerer ogs\u00e5 trykket p\u00e5 ansigtet, hvilket kan bremse dannelsen af rynker. Denne stilling kan dog forv\u00e6rre snorken og s\u00f8vnapn\u00f8, hvilket kan forringe s\u00f8vnkvaliteten.<\/p>\n\n\n\n<p class=\"wp-block-paragraph\"><strong>At sove p\u00e5 siden<\/strong>: Det anbefales ofte at sove p\u00e5 siden p\u00e5 grund af de positive virkninger p\u00e5 rygs\u00f8jlens holdning og vejrtr\u00e6kningen. Det kan desuden underst\u00f8tte hjernens naturlige rensningsprocesser under s\u00f8vnen, hvilket kan bidrage til at mindske risikoen for neurodegenerative sygdomme.<\/p>\n\n\n\n<p class=\"wp-block-paragraph\"><strong>At sove p\u00e5 maven<\/strong>: Denne sovestilling frar\u00e5des generelt mest. Den kan belaste nakken og rygs\u00f8jlen, hvilket med tiden kan f\u00f8re til ubehag. Selvom den for nogle kan v\u00e6re med til at mindske snorken, er den ikke gavnlig for muskler og led p\u00e5 lang sigt.<br><\/p>\n\n\n\n<h3 class=\"wp-block-heading\" id=\"h-sleep-and-skin\">S\u00f8vn og hud<\/h3>\n\n\n\n<p class=\"wp-block-paragraph\">S\u00f8vn er afg\u00f8rende for <a href=\"https:\/\/staging.purovitalis.com\/da\/vare-kategori\/hud-har-led\/\">hudens sundhed<\/a> og et langt liv. Mens du sover, reparerer din krop skader, \u00f8ger kollagenproduktionen og forbedrer blodgennemstr\u00f8mningen \u2014 alt sammen noget, der er med til at holde din hud glat, str\u00e5lende og ungdommelig. S\u00f8vnmangel fremskynder derimod hudens aldring. D\u00e5rlig s\u00f8vn \u00f8ger kortisolniveauet, hvilket nedbryder kollagen og f\u00f8rer til rynker, mat hud og slaphed. Over tid sv\u00e6kker det ogs\u00e5 hudens evne til at reparere sig selv og beskytte sig mod milj\u00f8p\u00e5virkninger.<\/p>\n\n\n\n<p class=\"wp-block-paragraph\">Se vores <a href=\"https:\/\/staging.purovitalis.com\/da\/produkter\/rewind-flydende-kollagen-drik\/\">Rewind Flydende Kollagen<\/a> \u2014 en f\u00f8rsteklasses formel med letoptagelige kollagenpeptider og 7 n\u00f8je udvalgte hj\u00e6lpestoffer, der fremmer hudens sundhed indefra, herunder <a href=\"https:\/\/staging.purovitalis.com\/da\/aminosyren-glycin\/\">glycin<\/a> som ikke blot underst\u00f8tter kollagenstrukturen, men ogs\u00e5 er underbygget af <a href=\"https:\/\/onlinelibrary.wiley.com\/doi\/full\/10.1111\/j.1479-8425.2007.00262.x\">unders\u00f8gelser<\/a> hvilket tyder p\u00e5, at det kan forbedre s\u00f8vnkvaliteten.<\/p>\n\n\n\n<p class=\"wp-block-paragraph\">Se ogs\u00e5: <\/p>\n\n\n\n<ul class=\"wp-block-list\">\n<li><a href=\"https:\/\/staging.purovitalis.com\/da\/bovine-kollagen-peptider-forklaret\/\">Kollagenpeptider fra kv\u00e6g \u2013 typer, fordele og sikkerhed<\/a><\/li>\n<\/ul>\n\n\n\n<ul class=\"wp-block-list\">\n<li><a href=\"https:\/\/staging.purovitalis.com\/da\/fordele-ved-kollagen-drik\/\">Fordele ved flydende kollagen, dosering og mulige bivirkninger<\/a> <\/li>\n<\/ul>\n\n\n\n<ul class=\"wp-block-list\">\n<li><a href=\"https:\/\/staging.purovitalis.com\/da\/flydende-kollagen-vs-kollagen-i-pulverform\/\">Er flydende kollagen bedre end pulver og tabletter?<\/a><\/li>\n<\/ul>\n\n\n\n<h2 class=\"wp-block-heading\" id=\"h-what-do-the-experts-say\">Hvad siger eksperterne?<\/h2>\n\n\n\n<p class=\"wp-block-paragraph\">Bryan Johnson, der er kendt for sin yderst sunde livsstil, har opn\u00e5et noget helt ekstraordin\u00e6rt: <strong>8 m\u00e5neder med 100% \u2013 perfekt s\u00f8vn<\/strong>, som er blevet m\u00e5lt som den bedste s\u00f8vn, der nogensinde er registreret. <\/p>\n\n\n\n<p class=\"wp-block-paragraph\">Gennem sine optimerede rutiner har Bryan bevist, hvordan \u00e6ndringer i livsstilen kan f\u00f8re til en utrolig god s\u00f8vnkvalitet.<\/p>\n\n\n\n<figure class=\"wp-block-embed is-type-video is-provider-youtube wp-block-embed-youtube wp-embed-aspect-16-9 wp-has-aspect-ratio\"><div class=\"wp-block-embed__wrapper\">\n<iframe loading=\"lazy\" title=\"S\u00e5dan fik jeg styr p\u00e5 min elendige s\u00f8vn \u2013 10 vaner\" width=\"500\" height=\"281\" src=\"https:\/\/www.youtube.com\/embed\/Wk9p3dhMYdk?feature=oembed\" frameborder=\"0\" allow=\"accelerometer; autoplay; clipboard-write; encrypted-media; gyroscope; picture-in-picture; web-share\" referrerpolicy=\"strict-origin-when-cross-origin\" allowfullscreen><\/iframe>\n<\/div><figcaption class=\"wp-element-caption\">Bryan Johnsons 10 s\u00f8vntips, kilde: https:\/\/blueprint.bryanjohnson.com\/blogs\/news\/how-i-fixed-my-terrible-sleep. <\/figcaption><\/figure>\n\n\n\n<blockquote class=\"wp-block-quote is-layout-flow wp-block-quote-is-layout-flow\">\n<p class=\"has-text-align-center wp-block-paragraph\" style=\"font-size:17px\">\u201c<em>S\u00f8vn er det vigtigste, et menneske g\u00f8r hver dag<\/em>\u201d <\/p>\n\n\n\n<p class=\"has-text-align-center wp-block-paragraph\" style=\"font-size:16px\"><strong>Bryan Johnson  <\/strong><\/p>\n<\/blockquote>\n\n\n\n<p class=\"wp-block-paragraph\">Bryan Johnsons perfekte s\u00f8vnresultater er blot en del af hans ekstraordin\u00e6re rejse mod et bedre helbred. Han f\u00f8lger et strengt program kaldet <em><a href=\"https:\/\/blueprint.bryanjohnson.com\/pages\/blueprint-protocol#sleep\">Plan<\/a><\/em>, som omfatter kost, motion og avanceret teknologi med henblik p\u00e5 at bremse aldringen og optimere alle aspekter af hans krop.<\/p>\n\n\n\n<p class=\"wp-block-paragraph\">L\u00e6s mere her: <a href=\"https:\/\/staging.purovitalis.com\/da\/bryan-johnson-blueprint-og-kosttilskudsprotokol\/\">Bryan Johnsons Blueprint-protokol<\/a><\/p>\n\n\n\n<h2 class=\"wp-block-heading\" id=\"h-qqrt-the-4-macros-for-good-sleep\">QQRT: De 4 makroer til en god s\u00f8vn<\/h2>\n\n\n\n<p class=\"wp-block-paragraph\">Hvad er en god nats s\u00f8vn? De fleste af os kender sp\u00f8rgsm\u00e5let: \u201cHar du sovet godt?\u201d Men hvad er det egentlig, vi m\u00e5ler, n\u00e5r vi svarer p\u00e5 det? Vi har en tendens til kun at fokusere p\u00e5 <em>m\u00e6ngde<\/em> s\u00f8vn uden at t\u00e6nke n\u00e6rmere over det <em>kvalitet<\/em> eller andre faktorer. Ofte kunne svaret nemt v\u00e6re: \u201cJa, jeg har f\u00e5et mine 8 timer.\u201d<\/p>\n\n\n\n<p class=\"wp-block-paragraph\">If\u00f8lge dr. Matt Walker er s\u00f8vn imidlertid langt mere kompleks end som s\u00e5. Han har inddelt s\u00f8vn i fire vigtige makrofaktorer, der samlet betegnes som <em>QQRT<\/em>.<\/p>\n\n\n\n<h3 class=\"wp-block-heading has-text-align-center\" id=\"h-qqrt-quantity-quality-regularity-timing\">QQRT:  M\u00e6ngde | Kvalitet | Regelm\u00e6ssighed | Tidspunkt<\/h3>\n\n\n\n<div class=\"wp-block-group blog-definition\"><div class=\"wp-block-group__inner-container is-layout-constrained wp-block-group-is-layout-constrained\">\n<p class=\"wp-block-paragraph\">Q | M\u00e6ngde<\/p>\n\n\n\n<p class=\"wp-block-paragraph\">M\u00e6ngden henviser til s\u00f8vnens l\u00e6ngde. Mange \u00e5rs forskning tyder p\u00e5, at en voksen har brug for omkring 7\u20139 timers s\u00f8vn om natten. Unders\u00f8gelser viser dog ogs\u00e5, at folk i gennemsnit har brug for 90 minutter mere s\u00f8vn, end de rent faktisk f\u00e5r. Dr. Matt Walkers svar p\u00e5, hvor meget s\u00f8vn vi har brug for, er derfor enkelt: \u201c<em>90 minutter mere.<\/em>\u201d<\/p>\n<\/div><\/div>\n\n\n\n<div class=\"wp-block-group blog-definition\"><div class=\"wp-block-group__inner-container is-layout-constrained wp-block-group-is-layout-constrained\">\n<p class=\"wp-block-paragraph\">Q | Kvalitet<\/p>\n\n\n\n<p class=\"wp-block-paragraph\">Kvalitet handler om s\u00f8vnens kontinuitet \u2013 v\u00e5gnede du ofte, og var din s\u00f8vn afbrudt? For eksempel kan det v\u00e6re, at du l\u00e5 i sengen i 9 timer, men kun sov i 7. I dette tilf\u00e6lde bliver s\u00f8vnkvaliteten lav. S\u00f8vneffektivitet er den procentdel af den tid, du tilbringer i sengen, hvor du rent faktisk sov. Hvis du tilbragte 8 timer i sengen, men kun sov i 6, ville din effektivitetsscore v\u00e6re 75%. <\/p>\n<\/div><\/div>\n\n\n\n<p class=\"wp-block-paragraph\">Dr. Matt Walker definerer god s\u00f8vn som en effektivitetsscore p\u00e5 over 85%. En score under 85% tyder p\u00e5, at s\u00f8vnen kan forbedres, hvilket ofte skyldes, at man v\u00e5gner for ofte om natten.<\/p>\n\n\n\n<div class=\"wp-block-group blog-definition\"><div class=\"wp-block-group__inner-container is-layout-constrained wp-block-group-is-layout-constrained\">\n<p class=\"wp-block-paragraph\">R | Regelm\u00e6ssighed<\/p>\n\n\n\n<p class=\"wp-block-paragraph\">Regelm\u00e6ssighed handler om at holde faste sengetider og v\u00e5gnetider hver dag. Dr. Matt Walker anbefaler, at man str\u00e6ber efter regelm\u00e6ssighed med en margen p\u00e5 +\/- 30 minutter for at stabilisere kroppens d\u00f8gnrytme. En vigtig <a href=\"https:\/\/pmc.ncbi.nlm.nih.gov\/articles\/PMC10782501\/\">unders\u00f8gelse<\/a> En unders\u00f8gelse fra 2023 bekr\u00e6fter betydningen af regelm\u00e6ssige s\u00f8vnvaner. Unders\u00f8gelsen, der blev gennemf\u00f8rt p\u00e5 baggrund af data fra over 60.000 deltagere i UK Biobank, unders\u00f8gte, hvordan faste sengetider og v\u00e5gnetider p\u00e5virker d\u00f8deligheden.<\/p>\n<\/div><\/div>\n\n\n\n<p class=\"wp-block-paragraph\">En vigtig <a href=\"https:\/\/pmc.ncbi.nlm.nih.gov\/articles\/PMC10782501\/\">unders\u00f8gelse<\/a> En unders\u00f8gelse fra 2023 bekr\u00e6fter betydningen af regelm\u00e6ssige s\u00f8vnvaner. Unders\u00f8gelsen, der blev gennemf\u00f8rt p\u00e5 baggrund af data fra over 60.000 deltagere i UK Biobank, unders\u00f8gte, hvordan faste sengetider og v\u00e5gnetider p\u00e5virker d\u00f8deligheden.<\/p>\n\n\n\n<ul class=\"wp-block-list\">\n<li>Deltagere med faste sengetider og v\u00e5gnetider havde en 20%-48% lavere risiko for d\u00f8delighed af alle \u00e5rsager sammenlignet med dem, der havde uregelm\u00e6ssige s\u00f8vnrytmer.<\/li>\n\n\n\n<li>Regelm\u00e6ssig motion mindskede ogs\u00e5 risikoen for d\u00f8d som f\u00f8lge af hjertesygdomme med 22%-57% og kr\u00e6ft med 16%-39%.<\/li>\n<\/ul>\n\n\n\n<p class=\"wp-block-paragraph\">Denne unders\u00f8gelse understreger, at regelm\u00e6ssige s\u00f8vnm\u00f8nstre \u2013 at g\u00e5 i seng og st\u00e5 op p\u00e5 samme tid hver dag \u2013 er en afg\u00f8rende faktor for sundhed og et langt liv.<\/p>\n\n\n\n<div class=\"wp-block-group blog-definition\"><div class=\"wp-block-group__inner-container is-layout-constrained wp-block-group-is-layout-constrained\">\n<p class=\"wp-block-paragraph\">T | Tidspunkt<\/p>\n\n\n\n<p class=\"wp-block-paragraph\">Timing handler om at tilpasse din s\u00f8vnrytme til din kronotype og forst\u00e5 din krops d\u00f8gnrytme \u2013 det naturlige 24-timers indre ur, der regulerer din s\u00f8vn-v\u00e5gen-cyklus, dit energiniveau og andre biologiske processer. <\/p>\n\n\n\n<h3 class=\"wp-block-heading\" id=\"h-what-is-your-chronotype\">Hvilken kronotype har du?<\/h3>\n<\/div><\/div>\n\n\n\n<p class=\"wp-block-paragraph\">Din kronotype er din naturlige tendens til at g\u00e5 tidligt eller sent i seng. Det er en medf\u00f8dt egenskab, som du har f\u00e5et ved f\u00f8dslen, og som er meget sv\u00e6r at \u00e6ndre.<\/p>\n\n\n\n<figure class=\"wp-block-table\"><table class=\"has-fixed-layout\"><thead><tr><th><strong>Kronotype<\/strong><\/th><th><strong>Typisk sengetid<\/strong><\/th><th><strong>Typisk v\u00e5gnetid<\/strong><\/th><\/tr><\/thead><tbody><tr><td><strong>Den ekstreme morgenmenneske<\/strong><\/td><td>kl. 20\u201321<\/td><td>Kl. 5 om morgenen eller tidligere<\/td><\/tr><tr><td><strong>Morgen-typen<\/strong><\/td><td>kl. 22.00<\/td><td>kl. 7 om morgenen<\/td><\/tr><tr><td><strong>Neutral type<\/strong><\/td><td>kl. 23.00<\/td><td>kl. 8.00<\/td><\/tr><tr><td><strong>Aften-type<\/strong><\/td><td>Midnat<\/td><td>kl. 9.00<\/td><\/tr><tr><td><strong>Ekstrem aften-type<\/strong><\/td><td>kl. 2\u20133 om natten<\/td><td>Midt p\u00e5 formiddagen eller senere<\/td><\/tr><\/tbody><\/table><figcaption class=\"wp-element-caption\">Du kan finde ud af, hvilken kronotype du har, ved hj\u00e6lp af Morningness-Eveningness Questionnaire (MEQ) <a href=\"https:\/\/qxmd.com\/calculate\/calculator_829\/morningness-eveningness-questionnaire-meq\">her<\/a>.<\/figcaption><\/figure>\n\n\n\n<p class=\"wp-block-paragraph\">Hvis du sover i uoverensstemmelse med din kronotype \u2013 for eksempel hvis du er en natteravn, der er n\u00f8dt til at st\u00e5 tidligt op for at g\u00e5 p\u00e5 arbejde \u2013 kan det f\u00f8re til d\u00e5rlig s\u00f8vnkvalitet, selvom du f\u00e5r de anbefalede 7\u20139 timer. Ved at forst\u00e5 din kronotype kan du bedre tilpasse din s\u00f8vnrytme til din naturlige rytme.<\/p>\n\n\n\n<div class=\"wp-block-group blog-summary\"><div class=\"wp-block-group__inner-container is-layout-constrained wp-block-group-is-layout-constrained\">\n<p class=\"wp-block-paragraph\">Opsummering af QQRT<\/p>\n\n\n\n<p class=\"wp-block-paragraph\">En god nats s\u00f8vn afh\u00e6nger af fire n\u00f8glefaktorer: m\u00e6ngde, kvalitet, regelm\u00e6ssighed og tidspunkt. De fleste mennesker har brug for mere s\u00f8vn, end de f\u00e5r, og en regelm\u00e6ssig, uafbrudt s\u00f8vn, der f\u00f8lger deres naturlige rytme. At finde den rette balance mellem alle fire faktorer bidrager til bedre helbred og et l\u00e6ngere liv.<\/p>\n<\/div><\/div>\n\n\n\n<figure class=\"wp-block-embed is-type-video is-provider-youtube wp-block-embed-youtube wp-embed-aspect-16-9 wp-has-aspect-ratio\"><div class=\"wp-block-embed__wrapper\">\n<iframe loading=\"lazy\" title=\"Dr. Matt Walker: S\u00f8vnens biologi og dine individuelle s\u00f8vnbehov | Huberman Lab-g\u00e6steserien\" width=\"500\" height=\"281\" src=\"https:\/\/www.youtube.com\/embed\/-OBCwiPPfEU?list=PLPNW_gerXa4OoypUEgZI7uouI12WZrxeS\" frameborder=\"0\" allow=\"accelerometer; autoplay; clipboard-write; encrypted-media; gyroscope; picture-in-picture; web-share\" referrerpolicy=\"strict-origin-when-cross-origin\" allowfullscreen><\/iframe>\n<\/div><figcaption class=\"wp-element-caption\">Dr. Matt Walker: S\u00f8vnens biologi og dine individuelle s\u00f8vnbehov | Huberman Lab-g\u00e6steserien.<\/figcaption><\/figure>\n\n\n\n<h2 class=\"wp-block-heading\" id=\"h-nmn-and-sleep-new-study-reveals-improved-sleep-quality-in-older-adults\">NMN og s\u00f8vn: Ny unders\u00f8gelse viser forbedret s\u00f8vnkvalitet hos \u00e6ldre voksne<\/h2>\n\n\n\n<p class=\"wp-block-paragraph\">Et nyt fors\u00f8g p\u00e5 mennesker tyder p\u00e5, at NMN kan forbedre s\u00f8vnkvaliteten hos midaldrende og \u00e6ldre voksne. I et 12-ugers dobbeltblindt, placebokontrolleret studie oplevede deltagere, der indtog 300 mg NMN dagligt, f\u00e6rre opv\u00e5gninger om natten, bedre s\u00f8vneffektivitet og mindre tr\u00e6thed om dagen. Resultaterne tyder p\u00e5, at NMN kan underst\u00f8tte s\u00f8vnen ved at \u00f8ge NAD+-niveauerne og modvirke aldersrelaterede cellul\u00e6re forandringer. L\u00e6s mere om studiet her: <a href=\"https:\/\/staging.purovitalis.com\/da\/nmn-forsoeg-pa-mennesker-forbedrer-soevn-hos-midaldrende-voksne\/\">NMN-unders\u00f8gelse af s\u00f8vnkvalitet hos mennesker: Banebrydende resultater for \u00e6ldre voksne<\/a><\/p>\n\n\n\n<details class=\"wp-block-details blog-references is-layout-flow wp-block-details-is-layout-flow\"><summary>Referencer <\/summary>\n<ol class=\"wp-block-list\">\n<li><strong>Chaput, J.-P., Dutil, C., &amp; Sampasa-Kanyinga, H.<\/strong> (2018). S\u00f8vntid: Hvad er det ideelle antal timer, og hvordan p\u00e5virker alderen dette? <em>S\u00f8vnens natur og videnskab<\/em>, 10, 421\u2013430. <a>https:\/\/doi.org\/10.2147\/NSS.S163071<\/a><\/li>\n\n\n\n<li><strong>Burgard, S. A., &amp; Ailshire, J. A.<\/strong> (2013). K\u00f8n og s\u00f8vntid blandt voksne i USA. <em>American Sociological Review<\/em>, 78(1), 51\u201369. <a>https:\/\/doi.org\/10.1177\/0003122412472048<\/a><\/li>\n\n\n\n<li><strong>Sundelin, T., Lekander, M., Kecklund, G., Van Someren, E. J. W., Olsson, A., &amp; Axelsson, J.<\/strong> (2013). Tegn p\u00e5 tr\u00e6thed: S\u00f8vnmangels indvirkning p\u00e5 ansigtsudtrykket. <em>S\u00f8vn<\/em>, 36(9), 1355\u20131360.<\/li>\n\n\n\n<li><strong>Windred, D. P., Burns, A. C., Lane, J. M., Saxena, R., Rutter, M. K., Cain, S. W., &amp; Phillips, A. J. K.<\/strong> (2023). Regelm\u00e6ssighed i s\u00f8vnm\u00f8nstret er en st\u00e6rkere indikator for d\u00f8delighedsrisikoen end s\u00f8vnvarigheden: En prospektiv kohortunders\u00f8gelse. <em>S\u00f8vn<\/em>, 47(1), zsad253. <a>https:\/\/doi.org\/10.1093\/sleep\/zsad253<\/a><\/li>\n\n\n\n<li><strong>Bryan Johnson:  <\/strong><em>S\u00e5dan fik jeg styr p\u00e5 min elendige s\u00f8vn.<\/em> Blueprint. Findes p\u00e5: <a href=\"https:\/\/blueprint.bryanjohnson.com\/blogs\/news\/how-i-fixed-my-terrible-sleep\">https:\/\/blueprint.bryanjohnson.com\/blogs\/news\/how-i-fixed-my-terrible-sleep<\/a><\/li>\n\n\n\n<li><strong>Dr. Matt Walker<\/strong><em>: S\u00f8vnens biologi og dine individuelle s\u00f8vnbehov.<\/em> Huberman Lab Podcast (YouTube). Findes p\u00e5: <a href=\"https:\/\/www.youtube.com\/watch?v=-OBCwiPPfEU&amp;t=5409s\">https:\/\/www.youtube.com\/watch?v=-OBCwiPPfEU&amp;t=5409s<\/a><\/li>\n\n\n\n<li><strong>Sp\u00f8rgeskema om morgen- og aftenorientering<\/strong> (MEQ). Find ud af, hvilken kronotype du har, her: <a href=\"https:\/\/qxmd.com\/calculate\/calculator_829\/morningness-eveningness-questionnaire-meq\">https:\/\/qxmd.com\/calculate\/calculator_829\/morningness-eveningness-questionnaire-meq<\/a><\/li>\n<\/ol>\n<\/details>\n\n\n\n<p class=\"wp-block-paragraph\"><\/p>","protected":false},"excerpt":{"rendered":"<p>table of contents Why do we sleep? Did you sleep well? It\u2019s often the first question we hear\u2014or ask ourselves\u2014in the morning. But what does that even mean? Are you thinking about how many hours you got, or how calm and undisturbed your night was? The truth is, without sleep, nothing works. It\u2019s when your [&hellip;]<\/p>\n","protected":false},"author":6,"featured_media":154134,"comment_status":"closed","ping_status":"closed","sticky":false,"template":"","format":"standard","meta":{"_acf_changed":false,"footnotes":""},"categories":[66],"tags":[248,348,272,278,177,168,349],"class_list":["post-152460","post","type-post","status-publish","format-standard","has-post-thumbnail","hentry","category-longevity","tag-collagen","tag-energy","tag-glycine","tag-lergothioneine","tag-longevity","tag-nmn","tag-recovery"],"acf":[],"_links":{"self":[{"href":"https:\/\/staging.purovitalis.com\/da\/wp-json\/wp\/v2\/posts\/152460","targetHints":{"allow":["GET"]}}],"collection":[{"href":"https:\/\/staging.purovitalis.com\/da\/wp-json\/wp\/v2\/posts"}],"about":[{"href":"https:\/\/staging.purovitalis.com\/da\/wp-json\/wp\/v2\/types\/post"}],"author":[{"embeddable":true,"href":"https:\/\/staging.purovitalis.com\/da\/wp-json\/wp\/v2\/users\/6"}],"replies":[{"embeddable":true,"href":"https:\/\/staging.purovitalis.com\/da\/wp-json\/wp\/v2\/comments?post=152460"}],"version-history":[{"count":6,"href":"https:\/\/staging.purovitalis.com\/da\/wp-json\/wp\/v2\/posts\/152460\/revisions"}],"predecessor-version":[{"id":275070,"href":"https:\/\/staging.purovitalis.com\/da\/wp-json\/wp\/v2\/posts\/152460\/revisions\/275070"}],"wp:featuredmedia":[{"embeddable":true,"href":"https:\/\/staging.purovitalis.com\/da\/wp-json\/wp\/v2\/media\/154134"}],"wp:attachment":[{"href":"https:\/\/staging.purovitalis.com\/da\/wp-json\/wp\/v2\/media?parent=152460"}],"wp:term":[{"taxonomy":"category","embeddable":true,"href":"https:\/\/staging.purovitalis.com\/da\/wp-json\/wp\/v2\/categories?post=152460"},{"taxonomy":"post_tag","embeddable":true,"href":"https:\/\/staging.purovitalis.com\/da\/wp-json\/wp\/v2\/tags?post=152460"}],"curies":[{"name":"wp","href":"https:\/\/api.w.org\/{rel}","templated":true}]}}