{"id":328091,"date":"2026-02-03T15:59:37","date_gmt":"2026-02-03T14:59:37","guid":{"rendered":"https:\/\/purovitalis.com\/?p=328091"},"modified":"2026-02-03T15:59:39","modified_gmt":"2026-02-03T14:59:39","slug":"small-changes-longer-study","status":"publish","type":"post","link":"https:\/\/staging.purovitalis.com\/de\/small-changes-longer-study\/","title":{"rendered":"Kleine \u00c4nderungen im Lebensstil und Langlebigkeit"},"content":{"rendered":"<p class=\"wp-block-paragraph\">F\u00fcr viele Menschen k\u00f6nnen die Themen Gesundheit und Langlebigkeit schnell \u00fcberw\u00e4ltigend wirken. Oft sehen wir uns mit langwierigen Trainingsprogrammen, komplexen Ern\u00e4hrungsregeln und der Vorstellung konfrontiert, dass ein ges\u00fcnderer Lebensstil gro\u00dfe Umstellungen und viel Zeit erfordert. Wenn der Alltag ohnehin schon hektisch ist, kann dies leicht zu einem Grund werden, gar nichts zu tun. Doch was w\u00e4re, wenn [\u2026]<\/p>\n\n\n\n<p class=\"wp-block-paragraph\">Aber was w\u00e4re, wenn es gar nicht so anstrengend sein m\u00fcsste?<\/p>\n\n\n\n<p class=\"wp-block-paragraph\">Was w\u00e4re, wenn schon sehr kleine, realistische Ver\u00e4nderungen unserer Alltagsgewohnheiten statistisch mit messbaren Unterschieden sowohl in unserer Lebenserwartung als auch in der Anzahl der Jahre, die wir bei guter Gesundheit verbringen, zusammenhingen?<\/p>\n\n\n\n<p class=\"wp-block-paragraph\">In diesem Beitrag schauen wir uns die Ergebnisse einer gro\u00dfen bev\u00f6lkerungsbezogenen <a href=\"https:\/\/www.thelancet.com\/journals\/eclinm\/article\/PIIS2589-5370(25)00676-5\/fulltext\" target=\"_blank\" data-type=\"link\" data-id=\"https:\/\/www.thelancet.com\/journals\/eclinm\/article\/PIIS2589-5370(25)00676-5\/fulltext\" rel=\"noreferrer noopener\">Studie<\/a> ver\u00f6ffentlicht im Jahr 2026. Forschende nutzten Daten der UK Biobank und untersuchten, wie schon kleine gemeinsame Schwankungen bei Schlaf, Bewegung und Ern\u00e4hrung mit Unterschieden in Lebenserwartung und Gesundheitsspanne zusammenh\u00e4ngen.<\/p>\n\n\n\n<div class=\"wp-block-group blog-table-of-contents\"><div class=\"wp-block-group__inner-container is-layout-constrained wp-block-group-is-layout-constrained\">\n<p class=\"wp-block-paragraph\">Inhaltsverzeichnis<\/p>\n\n\n\n<nav class=\"table-of-contents__nav\">\n\n\n\n<ul class=\"wp-block-list\">\n<li><a href=\"#About-the-study\" data-type=\"internal\" data-id=\"#About-the-study\">\u00dcber die Studie<\/a><\/li>\n\n\n\n<li><a href=\"#What-did-the-study-find?\">Was ergab die Studie?<\/a><\/li>\n\n\n\n<li id=\"Meaningful-results-from-small-changes\"><a href=\"#Small-changes-can-make-a-difference\" data-type=\"internal\" data-id=\"#Small-changes-can-make-a-difference\">Schon kleine Ver\u00e4nderungen k\u00f6nnen einen Unterschied machen<\/a><\/li>\n<\/ul>\n\n\n\n<\/nav>\n<\/div><\/div>\n\n\n\n<h2 class=\"wp-block-heading\" id=\"About-the-study\">\u00dcber die Studie<\/h2>\n\n\n\n<p class=\"wp-block-paragraph\">Die hier er\u00f6rterten Ergebnisse basieren auf der Studie <em>\u201cMinimale und optimale kombinierte Schwankungen bei Schlaf, k\u00f6rperlicher Aktivit\u00e4t und Ern\u00e4hrung im Zusammenhang mit der Lebenserwartung und der Gesundheitsspanne.\u201d<\/em> Die Analyse nutzt Langzeit-Nachbeobachtungsdaten der UK Biobank und untersucht, wie sich allt\u00e4gliche Lebensgewohnheiten auf die Lebenserwartung und die Zahl der Jahre ohne schwere chronische Krankheiten auswirken.<\/p>\n\n\n\n<p class=\"wp-block-paragraph\">Anstatt zu fragen, wie ein \u201cidealer\u201d Lebensstil aussieht, stellte die Studie eine praktischere Frage: <em>Wie klein m\u00fcssen Ver\u00e4nderungen im Lebensstil sein, damit sich auf Bev\u00f6lkerungsebene messbare Unterschiede zeigen?<\/em><\/p>\n\n\n\n<h3 class=\"wp-block-heading\">Was ist SPAN?<\/h3>\n\n\n\n<p class=\"wp-block-paragraph\">In der Studie verwenden die Forscher den Begriff SPAN, um die gemeinsame Rolle folgender Faktoren zu beschreiben:<\/p>\n\n\n\n<ul class=\"wp-block-list\">\n<li><strong>Schlaf<\/strong> \u2013 n\u00e4chtliche Schlafdauer<\/li>\n\n\n\n<li><strong>K\u00f6rperliche Aktivit\u00e4t<\/strong> \u2013 t\u00e4gliche Bewegung mit Schwerpunkt auf moderater bis hoher Intensit\u00e4t<\/li>\n\n\n\n<li><strong>Ern\u00e4hrung<\/strong> \u2013 die allgemeine Qualit\u00e4t der Ern\u00e4hrung und nicht einzelne Lebensmittel oder N\u00e4hrstoffe<\/li>\n<\/ul>\n\n\n\n<p class=\"wp-block-paragraph\">Diese drei Lebensstilfaktoren gelten als ver\u00e4nderbare Risikofaktoren f\u00fcr chronische Krankheiten und fr\u00fches Sterben. Sie beeinflussen auch \u00fcberschneidende biologische Vorg\u00e4nge wie Stoffwechsel, Entz\u00fcndungen und Energiehaushalt.<\/p>\n\n\n\n<p class=\"wp-block-paragraph\">Anstatt jeden Faktor einzeln zu betrachten, sieht das SPAN-Rahmenkonzept Schlaf, Bewegung und Ern\u00e4hrung als ein gemeinsames Lebensstilmuster. So k\u00f6nnen wir innerhalb desselben statistischen Modells untersuchen, wie sich gleichzeitige Schwankungen bei allen drei Faktoren auf Lebenserwartung und Gesundheitsspanne auswirken.<\/p>\n\n\n\n<h3 class=\"wp-block-heading\">Was wurde gemessen?<\/h3>\n\n\n\n<p class=\"wp-block-paragraph\">Wir erfassten Schlaf und k\u00f6rperliche Aktivit\u00e4t objektiv mit einem am Handgelenk getragenen Beschleunigungsmesser, den eine Teilstichprobe von mehr als 100.000 Teilnehmern sieben Tage lang durchgehend trug. Teilnehmen konnten die Teilnehmer, die f\u00fcr mindestens drei Tage, darunter einen Tag am Wochenende, g\u00fcltige Daten lieferten.<\/p>\n\n\n\n<p class=\"wp-block-paragraph\">Das Ger\u00e4t zeichnete die Bewegungen tags\u00fcber und nachts auf, sodass die Forscher Folgendes absch\u00e4tzen konnten:<\/p>\n\n\n\n<ul class=\"wp-block-list\">\n<li>durchschnittliche Schlafdauer<\/li>\n\n\n\n<li>Gesamtbewegung pro Tag<\/li>\n\n\n\n<li>Minuten mit moderater bis intensiver k\u00f6rperlicher Aktivit\u00e4t (MVPA)<\/li>\n<\/ul>\n\n\n\n<p class=\"wp-block-paragraph\">Da wir die Aktivit\u00e4t objektiv ma\u00dfen, erfassten die Daten sowohl geplantes Training als auch allt\u00e4gliche Bewegungen wie Gehen, Stehen und routinem\u00e4\u00dfige Alltagsaufgaben.<\/p>\n\n\n\n<p class=\"wp-block-paragraph\">Wir erfassten die Ern\u00e4hrung separat mithilfe eines validierten Fragebogens zur Ern\u00e4hrungsh\u00e4ufigkeit und berechneten daraus einen Gesamtwert f\u00fcr die Ern\u00e4hrungsqualit\u00e4t. Dieser Wert spiegelte eher die gewohnten Ern\u00e4hrungsmuster \u00fcber einen l\u00e4ngeren Zeitraum wider als einzelne Lebensmittel oder N\u00e4hrstoffe.<\/p>\n\n\n\n<p class=\"wp-block-paragraph\">Anhand dieser Ma\u00dfnahmen untersuchten die Forscher, wie Schlaf, Bewegung und Ern\u00e4hrung \u2013 einzeln und gemeinsam \u2013 mit langfristigen Gesundheitsergebnissen zusammenh\u00e4ngen.<\/p>\n\n\n\n<h3 class=\"wp-block-heading\">Lebensdauer und Gesundheitsdauer<\/h3>\n\n\n\n<ul class=\"wp-block-list\">\n<li>Die Lebensdauer bezeichnet die Gesamtl\u00e4nge des Lebens.<\/li>\n<\/ul>\n\n\n\n<ul class=\"wp-block-list\">\n<li>Unter \u201eGesundheitsspanne\u201c versteht man, wie viele dieser Jahre man bei guter Gesundheit verbringt, ohne schwerwiegende chronische Erkrankungen wie Herz-Kreislauf-Erkrankungen, Krebs, Typ-2-Diabetes, chronisch obstruktive Lungenerkrankungen oder Demenz.<\/li>\n<\/ul>\n\n\n\n<p class=\"wp-block-paragraph\">Ein zentrales Ziel der Studie war es zu pr\u00fcfen, ob eine \u00c4nderung der Alltagsgewohnheiten nicht nur mit einer l\u00e4ngeren Lebenserwartung, sondern auch mit mehr krankheitsfreien Lebensjahren einhergeht.<\/p>\n\n\n\n<h2 class=\"wp-block-heading\" id=\"What-did-the-study-find?\">Was ergab die Studie?<\/h2>\n\n\n\n<p class=\"wp-block-paragraph\">Betrachtet man die Ergebnisse in ihrer Gesamtheit, zeichnet sich ein klares Muster ab: G\u00fcnstigere Kombinationen aus Schlaf, k\u00f6rperlicher Aktivit\u00e4t und Ern\u00e4hrung gingen mit einer l\u00e4ngeren Lebenserwartung und mehr Lebensjahren ohne schwere chronische Erkrankungen einher.<\/p>\n\n\n\n<p class=\"wp-block-paragraph\">Wichtig ist, dass die Studie zeigt, wie klein die summierten Unterschiede sein k\u00f6nnen, bevor sich in Modellen auf Populationsebene messbare Zusammenh\u00e4nge zeigen.<\/p>\n\n\n\n<h3 class=\"wp-block-heading\" id=\"The-results\">Schon kleine Ver\u00e4nderungen k\u00f6nnen die Lebensdauer deutlich verl\u00e4ngern<\/h3>\n\n\n\n<p class=\"wp-block-paragraph\">Mit statistischen Modellen sch\u00e4tzten die Forscher, um wie viel sich Schlaf, Bewegung und Ern\u00e4hrung gemeinsam \u00e4ndern m\u00fcssen, damit man im Vergleich zum ung\u00fcnstigsten beobachteten Lebensstil etwa ein Jahr l\u00e4nger lebt.<\/p>\n\n\n\n<p class=\"wp-block-paragraph\">Den Modellsch\u00e4tzungen zufolge entsprach dies einem kombinierten Muster, das Folgendes umfasste:<\/p>\n\n\n\n<ul class=\"wp-block-list\">\n<li>etwa 5 Minuten mehr Schlaf pro Tag<\/li>\n\n\n\n<li>etwa 2 zus\u00e4tzliche Minuten pro Tag mit moderater bis intensiver k\u00f6rperlicher Aktivit\u00e4t<\/li>\n\n\n\n<li>eine leichte Verbesserung der allgemeinen Ern\u00e4hrungsqualit\u00e4t, wie beispielsweise eine etwas h\u00f6here Gem\u00fcsezufuhr<\/li>\n<\/ul>\n\n\n\n<p class=\"wp-block-paragraph\">Mit anderen Worten: Teilnehmer mit dem ung\u00fcnstigsten gemessenen Lebensstil w\u00fcrden den Modellen zufolge nur sehr geringe kombinierte Ver\u00e4nderungen in den Bereichen Schlaf, Bewegung und Ern\u00e4hrung ben\u00f6tigen, um eine um etwa ein Jahr h\u00f6here Lebenserwartung zu erzielen.<\/p>\n\n\n\n<h3 class=\"wp-block-heading\">K\u00f6rperliche Aktivit\u00e4t zeigt den st\u00e4rksten individuellen Zusammenhang<\/h3>\n\n\n\n<p class=\"wp-block-paragraph\">Von den drei SPAN-Faktoren hatte k\u00f6rperliche Aktivit\u00e4t den st\u00e4rksten individuellen Zusammenhang sowohl mit der Lebenserwartung als auch mit der Gesundheitserwartung.<\/p>\n\n\n\n<p class=\"wp-block-paragraph\">Schon kleine Steigerungen der t\u00e4glichen moderaten bis intensiven Bewegung gingen mit messbaren Unterschieden einher, besonders wenn sich zugleich Schlaf und Ern\u00e4hrung verbesserten. Bei h\u00f6heren Aktivit\u00e4tsniveaus sahen die Forschenden st\u00e4rkere und konsistentere Zusammenh\u00e4nge.<\/p>\n\n\n\n<p class=\"wp-block-paragraph\">Etwa 20 bis 25 Minuten moderate bis intensive k\u00f6rperliche Aktivit\u00e4t pro Tag gingen mit einer deutlichen Verl\u00e4ngerung sowohl der Lebenserwartung als auch der gesundheitsbezogenen Lebenserwartung einher. Die positiven Effekte nahmen bis zu etwa 50 bis 75 Minuten pro Tag weiter zu; danach flachte der Zusammenhang ab.<\/p>\n\n\n\n<p class=\"wp-block-paragraph\">Da wir die Aktivit\u00e4t mit einem Beschleunigungsmesser gemessen haben, beziehen sich diese Ergebnisse nicht nur auf geplantes Training, sondern zeigen die gesamte t\u00e4gliche Bewegung.<\/p>\n\n\n\n<h3 class=\"wp-block-heading\">Der Schlaf hat eine klare Optimalmenge.<\/h3>\n\n\n\n<p class=\"wp-block-paragraph\">Was den Schlaf betrifft, zeigte die Studie ein bekanntes Muster. Die g\u00fcnstigsten Zusammenh\u00e4nge sowohl mit der Lebenserwartung als auch mit der Gesundheitserwartung traten bei etwa 7\u20138 Stunden Schlaf pro Nacht auf.<\/p>\n\n\n\n<p class=\"wp-block-paragraph\">Sowohl eine k\u00fcrzere als auch eine l\u00e4ngere Schlafdauer gingen mit kleineren Vorteilen einher. Schlaf allein zeigte einen Zusammenhang mit den Ergebnissen, doch sein Einfluss wurde st\u00e4rker, wenn man ihn zusammen mit k\u00f6rperlicher Aktivit\u00e4t und Ern\u00e4hrung als Teil eines ganzheitlichen Lebensstils betrachtete.<\/p>\n\n\n\n<h3 class=\"wp-block-heading\">Die Ern\u00e4hrung z\u00e4hlt vor allem in der Kombination<\/h3>\n\n\n\n<p class=\"wp-block-paragraph\">Betrachtet man nur die Ern\u00e4hrungsqualit\u00e4t, dann h\u00e4ngt sie nur wenig mit der Lebenserwartung zusammen. Eine bessere Ern\u00e4hrung allein f\u00fchrt nicht zu deutlich l\u00e4ngerem Leben.<\/p>\n\n\n\n<p class=\"wp-block-paragraph\">Als sich jedoch die Ern\u00e4hrungsqualit\u00e4t parallel zu Schlaf und k\u00f6rperlicher Aktivit\u00e4t verbesserte, trug dies eindeutig zum Gesamtzusammenhang sowohl mit der Lebenserwartung als auch mit der Gesundheitserwartung bei. Die Verbesserungen spiegelten allgemeine Ern\u00e4hrungsumstellungen wider \u2013 wie beispielsweise eine h\u00f6here Aufnahme von Gem\u00fcse, Vollkornprodukten und Fisch \u2013 und nicht strenge oder komplexe Ern\u00e4hrungsregeln.<\/p>\n\n\n\n<figure class=\"wp-block-image size-full\"><img loading=\"lazy\" decoding=\"async\" width=\"678\" height=\"411\" src=\"https:\/\/staging.purovitalis.com\/wp-content\/uploads\/2026\/02\/image-2.png\" alt=\"\" class=\"wp-image-330024\" srcset=\"https:\/\/staging.purovitalis.com\/wp-content\/uploads\/2026\/02\/image-2.png 678w, https:\/\/staging.purovitalis.com\/wp-content\/uploads\/2026\/02\/image-2-400x242.png 400w, https:\/\/staging.purovitalis.com\/wp-content\/uploads\/2026\/02\/image-2-600x364.png 600w\" sizes=\"auto, (max-width: 678px) 100vw, 678px\" \/><figcaption class=\"wp-element-caption\">Abbildung aus der Studie, die den Zusammenhang zwischen Schlaf, k\u00f6rperlicher Aktivit\u00e4t (MVPA), Ern\u00e4hrungsqualit\u00e4t und Lebenserwartung veranschaulicht. Panel A zeigt den kombinierten SPAN-Effekt, w\u00e4hrend die Panels B\u2013D die einzelnen Zusammenh\u00e4nge darstellen.<\/figcaption><\/figure>\n\n\n\n<h3 class=\"wp-block-heading\">Mehr Jahre ohne Krankheit erfordern etwas mehr \u2013 aber immer noch nicht viel<\/h3>\n\n\n\n<p class=\"wp-block-paragraph\">Als sich die Forscher auf die Gesundheitsspanne konzentrierten, fielen die damit verbundenen Ver\u00e4nderungen etwas st\u00e4rker aus, blieben aber dennoch moderat.<\/p>\n\n\n\n<p class=\"wp-block-paragraph\">In den statistischen Modellen eine kombinierte Varianz, die folgendem entspricht:<\/p>\n\n\n\n<ul class=\"wp-block-list\">\n<li>etwa 24 zus\u00e4tzliche Minuten Schlaf pro Tag<\/li>\n\n\n\n<li>knapp 4 zus\u00e4tzliche Minuten moderater bis intensiver k\u00f6rperlicher Aktivit\u00e4t pro Tag<\/li>\n\n\n\n<li>eine deutlichere Verbesserung der Ern\u00e4hrungsqualit\u00e4t<\/li>\n<\/ul>\n\n\n\n<p class=\"wp-block-paragraph\">ging mit etwa vier zus\u00e4tzlichen Lebensjahren bei guter Gesundheit einher.<\/p>\n\n\n\n<p class=\"wp-block-paragraph\">Bei den in der Studie beobachteten g\u00fcnstigsten Kombinationen von Lebensgewohnheiten sch\u00e4tzten die Modelle im Vergleich zu den ung\u00fcnstigsten Lebensgewohnheiten einen Gewinn von bis zu neun zus\u00e4tzlichen Lebensjahren, wobei fast ebenso viele dieser Jahre ohne schwere chronische Erkrankungen verbracht w\u00fcrden.<\/p>\n\n\n\n<figure class=\"wp-block-image size-full\"><img loading=\"lazy\" decoding=\"async\" width=\"678\" height=\"423\" src=\"https:\/\/staging.purovitalis.com\/wp-content\/uploads\/2026\/02\/image-1.png\" alt=\"\" class=\"wp-image-330022\" srcset=\"https:\/\/staging.purovitalis.com\/wp-content\/uploads\/2026\/02\/image-1.png 678w, https:\/\/staging.purovitalis.com\/wp-content\/uploads\/2026\/02\/image-1-400x250.png 400w, https:\/\/staging.purovitalis.com\/wp-content\/uploads\/2026\/02\/image-1-600x374.png 600w\" sizes=\"auto, (max-width: 678px) 100vw, 678px\" \/><figcaption class=\"wp-element-caption\">Abbildung aus der Studie, die den Zusammenhang zwischen Schlaf, k\u00f6rperlicher Aktivit\u00e4t (MVPA) und Ern\u00e4hrungsqualit\u00e4t einerseits sowie der krankheitsfreien Lebenserwartung (Gesundheitsspanne) andererseits veranschaulicht. Panel A zeigt den kombinierten SPAN-Effekt, w\u00e4hrend die Panels B\u2013D die einzelnen Zusammenh\u00e4nge darstellen.<\/figcaption><\/figure>\n\n\n\n<h2 class=\"wp-block-heading\" id=\"Small-changes-can-make-a-difference\">Schon kleine Ver\u00e4nderungen k\u00f6nnen einen Unterschied machen<\/h2>\n\n\n\n<p class=\"wp-block-paragraph\">Insgesamt zeigen die Ergebnisse eine klare Botschaft: Das Zusammenspiel von Schlaf, Bewegung und Ern\u00e4hrung entscheidet.<\/p>\n\n\n\n<p class=\"wp-block-paragraph\">Anstatt drastische \u00c4nderungen des Lebensstils zu fordern, die auf Dauer nur schwer durchzuhalten sind, legt die Studie nahe, dass kleine, gleichzeitige Anpassungen in diesen drei Bereichen auf Bev\u00f6lkerungsebene mit bedeutenden Unterschieden sowohl hinsichtlich der Lebenserwartung als auch der Gesundheitsspanne verbunden waren.<\/p>\n\n\n\n<p class=\"wp-block-paragraph\">So betrachtet bieten die Ergebnisse eine beruhigende Perspektive. Die F\u00f6rderung der langfristigen Gesundheit erfordert nicht unbedingt extreme Anstrengungen oder Perfektion. Den Modellen der Studie zufolge waren bereits kleine und realistische Ver\u00e4nderungen \u2013 sofern sie gemeinsam umgesetzt wurden \u2013 mit einer h\u00f6heren Lebenserwartung und mehr Jahren in guter Gesundheit verbunden.<\/p>\n\n\n\n<details class=\"wp-block-details blog-references is-layout-flow wp-block-details-is-layout-flow\"><summary>Literaturverzeichnis <\/summary>\n<ol class=\"wp-block-list\">\n<li>Koemel NA, Biswas RK, Ahmadi MN, Teixeira-Pinto A, Hamer M, Rezende LFM u. a. Kleinste kombinierte Unterschiede bei Schlaf, Bewegung und Ern\u00e4hrung im Zusammenhang mit l\u00e4ngeren Lebensspanne (lifeSPAN) und gesunden Lebensspanne (healthSPAN): eine Bev\u00f6lkerungskohortenstudie. <em>eClinicalMedicine<\/em>. 2026; Online-Erstver\u00f6ffentlichung am 13. Januar 2026:103741. Offener Zugang.<\/li>\n<\/ol>\n<\/details>\n\n\n\n<p class=\"wp-block-paragraph\"><\/p>","protected":false},"excerpt":{"rendered":"<p>For many people, health and longevity can quickly feel overwhelming. We are often met with long training programs, complex dietary rules, and the idea that living healthier requires major changes and a lot of time. When everyday life is already busy, this can easily become a reason to do nothing at all. But what if [&hellip;]<\/p>\n","protected":false},"author":6,"featured_media":329955,"comment_status":"closed","ping_status":"closed","sticky":false,"template":"","format":"standard","meta":{"_acf_changed":false,"footnotes":""},"categories":[68],"tags":[177],"class_list":["post-328091","post","type-post","status-publish","format-standard","has-post-thumbnail","hentry","category-science","tag-longevity"],"acf":[],"_links":{"self":[{"href":"https:\/\/staging.purovitalis.com\/de\/wp-json\/wp\/v2\/posts\/328091","targetHints":{"allow":["GET"]}}],"collection":[{"href":"https:\/\/staging.purovitalis.com\/de\/wp-json\/wp\/v2\/posts"}],"about":[{"href":"https:\/\/staging.purovitalis.com\/de\/wp-json\/wp\/v2\/types\/post"}],"author":[{"embeddable":true,"href":"https:\/\/staging.purovitalis.com\/de\/wp-json\/wp\/v2\/users\/6"}],"replies":[{"embeddable":true,"href":"https:\/\/staging.purovitalis.com\/de\/wp-json\/wp\/v2\/comments?post=328091"}],"version-history":[{"count":5,"href":"https:\/\/staging.purovitalis.com\/de\/wp-json\/wp\/v2\/posts\/328091\/revisions"}],"predecessor-version":[{"id":330447,"href":"https:\/\/staging.purovitalis.com\/de\/wp-json\/wp\/v2\/posts\/328091\/revisions\/330447"}],"wp:featuredmedia":[{"embeddable":true,"href":"https:\/\/staging.purovitalis.com\/de\/wp-json\/wp\/v2\/media\/329955"}],"wp:attachment":[{"href":"https:\/\/staging.purovitalis.com\/de\/wp-json\/wp\/v2\/media?parent=328091"}],"wp:term":[{"taxonomy":"category","embeddable":true,"href":"https:\/\/staging.purovitalis.com\/de\/wp-json\/wp\/v2\/categories?post=328091"},{"taxonomy":"post_tag","embeddable":true,"href":"https:\/\/staging.purovitalis.com\/de\/wp-json\/wp\/v2\/tags?post=328091"}],"curies":[{"name":"wp","href":"https:\/\/api.w.org\/{rel}","templated":true}]}}