{"id":163,"date":"2023-03-02T08:17:00","date_gmt":"2023-03-02T07:17:00","guid":{"rendered":"https:\/\/purovitalis.com\/index.php\/2023\/05\/03\/spermidine-for-hair-growth-the-science-backed-guide\/"},"modified":"2026-04-21T13:22:48","modified_gmt":"2026-04-21T11:22:48","slug":"spermidina-pentru-cresterea-parului","status":"publish","type":"post","link":"https:\/\/staging.purovitalis.com\/ro\/spermidine-for-hair-growth\/","title":{"rendered":"Spermidina pentru cre\u0219terea p\u0103rului \u2013 Ce spun studiile \u0219tiin\u021bifice"},"content":{"rendered":"<div class=\"taxonomy-post_tag blog-tags wp-block-post-terms\"><a href=\"https:\/\/staging.purovitalis.com\/ro\/tag\/recovery\/\" rel=\"tag\">Recuperare<\/a><span class=\"wp-block-post-terms__separator\"> <\/span><a href=\"https:\/\/staging.purovitalis.com\/ro\/tag\/spermidine\/\" rel=\"tag\">spermidin\u0103<\/a><\/div>\n\n\n<p class=\"wp-block-paragraph\">Schimb\u0103rile la nivelul p\u0103rului se num\u0103r\u0103 adesea printre primele semne vizibile ale \u00eemb\u0103tr\u00e2nirii. P\u0103rul poate cre\u0219te mai \u00eencet, poate deveni mai sub\u021bire sau poate \u00eencepe s\u0103-\u0219i piard\u0103 o parte din culoarea sa natural\u0103. Spermidina a st\u00e2rnit interesul \u00een acest domeniu, deoarece este un compus natural implicat \u00een procesul de re\u00eennoire celular\u0103, iar cercet\u0103torii studiaz\u0103 dac\u0103 acesta ar putea contribui la sus\u021binerea ciclului de cre\u0219tere a p\u0103rului.<\/p>\n\n\n\n<p class=\"wp-block-paragraph\">Citi\u021bi acest articol de pe blog, \u00een care analiz\u0103m aspectele \u0219tiin\u021bifice legate de spermidin\u0103, de la rezultatele studiilor efectuate pe oameni \u0219i datele din studiile clinice p\u00e2n\u0103 la concluziile cercet\u0103rilor preliminare privind p\u0103rul c\u0103runt.<\/p>\n\n\n\n<div class=\"wp-block-group blog-table-of-contents\"><div class=\"wp-block-group__inner-container is-layout-constrained wp-block-group-is-layout-constrained\">\n<p class=\"wp-block-paragraph\">cuprins<\/p>\n\n\n\n<nav class=\"table-of-contents__nav\">\n\n\n\n<ul class=\"wp-block-list\">\n<li><a href=\"#What-is-spermidine?\">Ce este spermidina?<\/a><\/li>\n\n\n\n<li><a href=\"#Why-spermidine-is-being-studied-for-hair-growth\" data-type=\"internal\" data-id=\"#Why-spermidine-is-being-studied-for-hair-growth\">De ce se studiaz\u0103 spermidina \u00een ceea ce prive\u0219te cre\u0219terea p\u0103rului<\/a><\/li>\n\n\n\n<li><a href=\"#What-the-research-says-so-far\" data-type=\"internal\" data-id=\"#What-the-research-says-so-far\">Ce arat\u0103 cercet\u0103rile p\u00e2n\u0103 \u00een prezent<\/a><\/li>\n\n\n\n<li><a href=\"#Other-nutrients-that-support-hair-health\" data-type=\"internal\" data-id=\"#Other-nutrients-that-support-hair-health\">Alte substan\u021be nutritive care contribuie la s\u0103n\u0103tatea p\u0103rului<\/a><\/li>\n<\/ul>\n\n\n\n<\/nav>\n<\/div><\/div>\n\n\n\n<h2 class=\"wp-block-heading\" id=\"What-is-spermidine?\">Ce este spermidina?<\/h2>\n\n\n\n<p class=\"wp-block-paragraph\"><a href=\"https:\/\/staging.purovitalis.com\/ro\/produse\/supliment-de-spermidina\/\">Spermidin\u0103<\/a> este o poliamin\u0103 natural\u0103 prezent\u0103 \u00een organism \u0219i \u00een anumite alimente. Aceasta particip\u0103 la procesele celulare fundamentale legate de cre\u0219tere, regenerare \u0219i men\u021binerea st\u0103rii de s\u0103n\u0103tate. <\/p>\n\n\n\n<p class=\"wp-block-paragraph\">Unul dintre motivele pentru care acest subiect este adesea abordat \u00een cercetarea privind longevitatea este leg\u0103tura sa cu <a href=\"https:\/\/staging.purovitalis.com\/ro\/autofagie\/\" data-type=\"link\" data-id=\"https:\/\/staging.purovitalis.com\/autophagy\/\">autofagie<\/a>, procesul prin care celulele elimin\u0103 componentele deteriorate \u0219i recicleaz\u0103 ceea ce mai pot folosi. Av\u00e2nd \u00een vedere c\u0103 foliculii pilosi sunt structuri extrem de active, care se bazeaz\u0103 pe o regenerare celular\u0103 constant\u0103, cercet\u0103torii s-au \u00eentrebat dac\u0103 spermidina ar putea contribui la men\u021binerea mediului necesar pentru o cre\u0219tere s\u0103n\u0103toas\u0103 a p\u0103rului.<\/p>\n\n\n\n<div class=\"wp-block-group blog-definition\"><div class=\"wp-block-group__inner-container is-layout-constrained wp-block-group-is-layout-constrained\">\n<p class=\"wp-block-paragraph\">Autofagia <\/p>\n\n\n\n<p class=\"wp-block-paragraph\">Sistemul natural de detoxifiere al organismului. Acesta ajut\u0103 celulele s\u0103 elimine p\u0103r\u021bile deteriorate sau uzate \u0219i s\u0103 recicleze ceea ce mai poate fi folosit. Acest proces sus\u021bine func\u021bionarea normal\u0103 \u0219i re\u00eennoirea celulelor<\/p>\n<\/div><\/div>\n\n\n\n<p class=\"wp-block-paragraph\">Mai multe informa\u021bii despre spermidin\u0103 g\u0103si\u021bi aici: &nbsp;<a title=\"Ghid despre spermidin\u0103: ce este \u0219i care sunt beneficiile sale\" href=\"\/ro\/ce-este-spermidina-functia-beneficii-suplimentarea\/\">Beneficiile spermidinei pentru s\u0103n\u0103tate<\/a>&nbsp;<\/p>\n\n\n\n<h2 class=\"wp-block-heading\" id=\"Why-spermidine-is-being-studied-for-hair-growth\">De ce se studiaz\u0103 spermidina \u00een ceea ce prive\u0219te cre\u0219terea p\u0103rului<\/h2>\n\n\n\n<p class=\"wp-block-paragraph\">P\u0103rul nu cre\u0219te \u00een mod continuu. Fiecare fir de p\u0103r parcurge un ciclu repetitiv alc\u0103tuit din trei faze principale:<\/p>\n\n\n\n<ul class=\"wp-block-list\">\n<li>Faza anagen\u0103: <br>Faza de cre\u0219tere activ\u0103, \u00een care p\u0103rul cre\u0219te din folicul. Cu c\u00e2t un folicul r\u0103m\u00e2ne mai mult timp \u00een aceast\u0103 faz\u0103, cu at\u00e2t p\u0103rul are mai mult timp s\u0103 creasc\u0103.<br><\/li>\n\n\n\n<li>Faza catagen\u0103: <br>Faza scurt\u0103 de tranzi\u021bie, \u00een care cre\u0219terea \u00eencetine\u0219te, iar foliculul \u00eencepe s\u0103 se mic\u0219oreze.<br><\/li>\n\n\n\n<li>Faza telogen\u0103: <br>Faza de repaus, \u00een care cre\u0219terea se opre\u0219te, iar firul de p\u0103r este \u00een cele din urm\u0103 eliminat pentru a face loc unui fir nou.<\/li>\n<\/ul>\n\n\n\n<p class=\"wp-block-paragraph\">Faza anagen\u0103 a suscitat un interes deosebit \u00een cadrul cercet\u0103rilor privind spermidina \u0219i cre\u0219terea p\u0103rului. Oamenii de \u0219tiin\u021b\u0103 consider\u0103 c\u0103 spermidina ar putea contribui la sus\u021binerea activit\u0103\u021bii celulelor din interiorul foliculului pilos \u0219i ar putea ajuta la men\u021binerea p\u0103rului \u00een faza de cre\u0219tere pentru o perioad\u0103 mai \u00eendelungat\u0103.<\/p>\n\n\n\n<p class=\"wp-block-paragraph\">Aceast\u0103 idee a fost deja testat\u0103 pe oameni. \u00centr-un studiu randomizat, controlat cu placebo <a href=\"https:\/\/pmc.ncbi.nlm.nih.gov\/articles\/PMC5718121\/\" data-type=\"link\" data-id=\"https:\/\/pmc.ncbi.nlm.nih.gov\/articles\/PMC5718121\/\">studiu clinic<\/a>, suplimentarea cu spermidin\u0103 a crescut num\u0103rul foliculilor pilosi afla\u021bi \u00een faza anagen\u0103 \u0219i a fost asociat\u0103 cu markeri ai prolifer\u0103rii celulare crescute. <\/p>\n\n\n\n<p class=\"wp-block-paragraph\">Acest lucru nu face din spermidin\u0103 o solu\u021bie dovedit\u0103 pentru sub\u021bierea p\u0103rului, dar le ofer\u0103 cercet\u0103torilor un motiv puternic pentru a continua studierea poten\u021bialului acesteia. Dovezile actuale sunt \u00eenc\u0103 limitate, \u00eens\u0103 sunt mai solide dec\u00e2t specula\u021biile ini\u021biale.<\/p>\n\n\n\n<h2 class=\"wp-block-heading\" id=\"What-the-research-says-so-far\">Ce arat\u0103 cercet\u0103rile p\u00e2n\u0103 \u00een prezent<\/h2>\n\n\n\n<p class=\"wp-block-paragraph\">Una dintre cele mai citate <a href=\"https:\/\/journals.plos.org\/plosone\/article?id=10.1371%2Fjournal.pone.0022564\" data-type=\"link\" data-id=\"https:\/\/journals.plos.org\/plosone\/article?id=10.1371%2Fjournal.pone.0022564\">lucr\u0103ri<\/a> \u00cen acest domeniu exist\u0103 un studiu din 2011 publicat \u00een <em>PLOS One<\/em>. Cercet\u0103torii au utilizat foliculi de p\u0103r de pe scalp uman cultiva\u021bi in vitro \u0219i au constatat c\u0103 spermidina a favorizat alungirea firului de p\u0103r \u0219i a prelungit faza anagen\u0103, faza activ\u0103 de cre\u0219tere. <\/p>\n\n\n\n<p class=\"wp-block-paragraph\">Acest lucru este important deoarece a furnizat dovezi directe preliminare, \u00een cadrul unui studiu realizat pe un model uman, c\u0103 spermidina ar putea influen\u021ba comportamentul foliculilor \u00eentr-un mod care favorizeaz\u0103 cre\u0219terea p\u0103rului. \u00cen acela\u0219i timp, a fost vorba totu\u0219i de un studiu de laborator care a utilizat foliculi umani \u00een afara organismului, a\u0219a c\u0103 nu ar trebui considerat o dovad\u0103 c\u0103 suplimentarea va produce acela\u0219i efect \u00een via\u021ba de zi cu zi.<\/p>\n\n\n\n<p class=\"wp-block-paragraph\">Dovezile au avansat cu \u00eenc\u0103 un pas odat\u0103 cu un studiu ulterior efectuat pe oameni, controlat cu placebo <a href=\"https:\/\/pubmed.ncbi.nlm.nih.gov\/29214104\/\" data-type=\"link\" data-id=\"https:\/\/pubmed.ncbi.nlm.nih.gov\/29214104\/\">interven\u021bie<\/a> legat de suplimentarea cu spermidin\u0103. Acest studiu clinic este unul dintre motivele pentru care subiectul este \u00eenc\u0103 adus \u00een discu\u021bie atunci c\u00e2nd se vorbe\u0219te despre s\u0103n\u0103tatea p\u0103rului. Modul \u00een care a fost conceput studiul \u00eei confer\u0103 o pondere mai mare dec\u00e2t cercet\u0103rile efectuate doar pe celule sau \u021besuturi \u0219i a indicat aceea\u0219i direc\u021bie general\u0103 ca \u0219i cercet\u0103rile anterioare privind foliculii: sus\u021binerea fazei de cre\u0219tere a p\u0103rului. <\/p>\n\n\n\n<h3 class=\"wp-block-heading\">Poate spermidina s\u0103 ajute \u00een cazul p\u0103rului c\u0103runt?<\/h3>\n\n\n\n<p class=\"wp-block-paragraph\">Exist\u0103 un interes incipient cu privire la posibilitatea ca spermidina s\u0103 aib\u0103 o leg\u0103tur\u0103 cu p\u0103rul c\u0103runt, dar dovezile sunt \u00eenc\u0103 limitate. Un studiu din 2021 <a href=\"https:\/\/pubmed.ncbi.nlm.nih.gov\/33496030\/\" data-type=\"link\" data-id=\"https:\/\/pubmed.ncbi.nlm.nih.gov\/33496030\/\">studiu<\/a> au analizat spermidina \u0219i melanogeneza, procesul implicat \u00een producerea pigmentului. Rezultatele au sugerat c\u0103 spermidina ar putea stimula produc\u021bia de melanin\u0103 prin mecanisme legate de MITF \u0219i de activitatea tirozinazei. Acest lucru este relevant \u00een cazul p\u0103rului c\u0103runt, \u00eentruc\u00e2t sc\u0103derea produc\u021biei de pigment este unul dintre motivele pentru care p\u0103rul \u00ee\u0219i pierde culoarea \u00een timp.<\/p>\n\n\n\n<p class=\"wp-block-paragraph\">Cu toate acestea, nu a fost vorba despre un studiu clinic realizat pe persoane cu p\u0103rul \u00eenc\u0103run\u021bit \u0219i nici despre un studiu pe oameni care s\u0103 demonstreze o inversare vizibil\u0103 a procesului de \u00eenc\u0103run\u021bire. Este mai bine s\u0103 fie considerat o dovad\u0103 preliminar\u0103 \u00een sprijinul acestei ipoteze, dec\u00e2t o dovad\u0103 a unui efect vizibil la oameni. \u00cen acest stadiu, datele \u0219tiin\u021bifice nu sus\u021bin afirma\u021biile categorice conform c\u0103rora spermidina ar putea inversa procesul de \u00eenc\u0103run\u021bire.<\/p>\n\n\n\n<div class=\"wp-block-group blog-definition\"><div class=\"wp-block-group__inner-container is-layout-constrained wp-block-group-is-layout-constrained\">\n<p class=\"wp-block-paragraph\">\u0218tia\u021bi c\u0103...? <\/p>\n\n\n\n<p class=\"wp-block-paragraph\">P\u0103rul c\u0103runt apare atunci c\u00e2nd foliculii capilari \u00eenceteaz\u0103 treptat s\u0103 mai produc\u0103 melanin\u0103 \u2014 pigmentul responsabil de culoarea p\u0103rului. F\u0103r\u0103 acesta, firele de p\u0103r cresc transparente, ceea ce le confer\u0103 un aspect c\u0103runt sau alb.<\/p>\n<\/div><\/div>\n\n\n\n<h3 class=\"wp-block-heading\">Cum este legat\u0103 spermidina de modific\u0103rile p\u0103rului asociate v\u00e2rstei<\/h3>\n\n\n\n<p class=\"wp-block-paragraph\">Foliculii pilosi se num\u0103r\u0103 printre cele mai active mini-organe din organism. Ace\u0219tia depind de energie, de rezisten\u021ba la stres \u0219i de re\u00eennoirea normal\u0103 a celulelor. Acestea sunt tocmai aspectele care apar adesea \u00een cercet\u0103rile privind \u00eemb\u0103tr\u00e2nirea, ceea ce reprezint\u0103 unul dintre motivele pentru care spermidina continu\u0103 s\u0103 atrag\u0103 aten\u021bia.<\/p>\n\n\n\n<p class=\"wp-block-paragraph\">Dintr-o perspectiv\u0103 mai larg\u0103, interesul pentru spermidin\u0103 nu \u021bine at\u00e2t de mult de un rezultat vizibil, c\u00e2t de sus\u021binerea sistemelor biologice care influen\u021beaz\u0103 modul \u00een care \u021besuturile func\u021bioneaz\u0103 pe parcursul timpului. Cre\u0219terea p\u0103rului poate fi una dintre manifest\u0103rile acestui fenomen. De aceea, spermidina se \u00eencadreaz\u0103 \u00een mod natural \u00een discu\u021bia mai ampl\u0103 privind s\u0103n\u0103tatea p\u0103rului \u0219i schimb\u0103rile legate de v\u00e2rst\u0103.<\/p>\n\n\n\n<h3 class=\"wp-block-heading\">Siguran\u021ba \u00een studiile mai recente<\/h3>\n\n\n\n<p class=\"wp-block-paragraph\">Un studiu randomizat din 2024 <a href=\"https:\/\/pubmed.ncbi.nlm.nih.gov\/39405978\/\" data-type=\"link\" data-id=\"https:\/\/pubmed.ncbi.nlm.nih.gov\/39405978\/\">proces<\/a> a constatat c\u0103 40 mg de spermidin\u0103 de \u00eenalt\u0103 puritate pe zi au avut doar efecte limitate asupra biomarkerilor cardiovasculari, \u00eens\u0103 suplimentul a fost bine tolerat \u0219i s-a dovedit a fi sigur \u00een cadrul grupului studiat. Acest lucru sus\u021bine opinia actual\u0103 conform c\u0103reia suplimentarea cu spermidin\u0103 prezint\u0103 un profil de siguran\u021b\u0103 lini\u0219titor \u00een studiile controlate efectuate pe oameni, de\u0219i datele pe termen lung sunt \u00eenc\u0103 limitate. Acesta nu ofer\u0103 un r\u0103spuns cu privire la faptul dac\u0103 spermidina afecteaz\u0103 direct p\u0103rul, dar adaug\u0103 date noi ob\u021binute pe subiec\u021bi umani la imaginea de ansamblu a cercet\u0103rii privind spermidina.<\/p>\n\n\n\n<h2 class=\"wp-block-heading\" id=\"Other-nutrients-that-support-hair-health\">Alte substan\u021be nutritive care contribuie la s\u0103n\u0103tatea p\u0103rului<\/h2>\n\n\n\n<p class=\"wp-block-paragraph\">Pe l\u00e2ng\u0103 spermidin\u0103, <a href=\"https:\/\/pmc.ncbi.nlm.nih.gov\/articles\/PMC6380979\/\">cercetare<\/a> arat\u0103 c\u0103 mai multe vitamine, minerale \u0219i substan\u021be nutritive joac\u0103 un rol important \u00een men\u021binerea s\u0103n\u0103t\u0103\u021bii p\u0103rului. Acestea sus\u021bin diverse procese din organism, printre care func\u021bionarea foliculilor pilosi, formarea firului de p\u0103r \u0219i rezisten\u021ba general\u0103 a p\u0103rului pe termen lung. Atunci c\u00e2nd organismului \u00eei lipsesc substan\u021bele nutritive esen\u021biale, acest lucru poate afecta ciclul de cre\u0219tere a p\u0103rului \u0219i poate duce la o c\u0103dere mai accentuat\u0103 a p\u0103rului, la o densitate redus\u0103 sau la o calitate mai slab\u0103 a p\u0103rului.<\/p>\n\n\n\n<p class=\"wp-block-paragraph\">Iat\u0103 c\u00e2teva dintre substan\u021bele nutritive care, conform studiilor, sunt cel mai des asociate cu s\u0103n\u0103tatea p\u0103rului:<\/p>\n\n\n\n<h3 class=\"wp-block-heading\">Fier<\/h3>\n\n\n\n<p class=\"wp-block-paragraph\">Fierul este unul dintre cele mai <a href=\"https:\/\/europepmc.org\/article\/PMC\/PMC8928181\" data-type=\"link\" data-id=\"https:\/\/europepmc.org\/article\/PMC\/PMC8928181\">studiat<\/a> substan\u021bele nutritive \u00een leg\u0103tur\u0103 cu c\u0103derea p\u0103rului, \u00een special la femei. Nivelurile sc\u0103zute de feritin\u0103 sunt deseori observate la persoanele care sufer\u0103 de c\u0103derea difuz\u0103 a p\u0103rului, cunoscut\u0103 \u0219i sub denumirea de <em>efluviu telogen<\/em>, precum \u0219i c\u00e2teva <a href=\"https:\/\/pmc.ncbi.nlm.nih.gov\/articles\/PMC6380979\/\" data-type=\"link\" data-id=\"https:\/\/pmc.ncbi.nlm.nih.gov\/articles\/PMC6380979\/\">recenzii<\/a> sugereaz\u0103 c\u0103 deficitul de fier ar putea fi asociat cu \u00eencetinirea cre\u0219terii p\u0103rului. Foliculii pilosi sunt extrem de activi \u0219i depind de un aport constant de oxigen \u0219i substan\u021be nutritive, ceea ce face ca nivelul de fier s\u0103 fie deosebit de important.<\/p>\n\n\n\n<h3 class=\"wp-block-heading\">Zinc<\/h3>\n\n\n\n<p class=\"wp-block-paragraph\">Zincul sus\u021bine diviziunea celular\u0103, sinteza proteinelor \u0219i refacerea \u021besuturilor. Toate aceste procese contribuie la men\u021binerea activit\u0103\u021bii normale a foliculilor pilosi \u0219i la cre\u0219terea continu\u0103 a p\u0103rului. Unele <a href=\"https:\/\/pmc.ncbi.nlm.nih.gov\/articles\/PMC12652007\/\" data-type=\"link\" data-id=\"https:\/\/pmc.ncbi.nlm.nih.gov\/articles\/PMC12652007\/\">studii<\/a> S-au constatat niveluri mai sc\u0103zute de zinc la persoanele care sufer\u0103 de c\u0103derea p\u0103rului, de\u0219i rezultatele nu sunt pe deplin consecvente \u00een toate popula\u021biile. Zincul pare s\u0103 aib\u0103 o importan\u021b\u0103 deosebit\u0103 atunci c\u00e2nd exist\u0103 o deficien\u021b\u0103 real\u0103.<\/p>\n\n\n\n<h3 class=\"wp-block-heading\">Vitamina D<\/h3>\n\n\n\n<p class=\"wp-block-paragraph\">Vitamina D a atras aten\u021bia \u00een cercet\u0103rile privind p\u0103rul, \u00een special \u00een ceea ce prive\u0219te <em>alopecie areat\u0103<\/em>. Mai multe <a href=\"https:\/\/pmc.ncbi.nlm.nih.gov\/articles\/PMC12105854\/\">studii<\/a> \u0219i <a href=\"https:\/\/pmc.ncbi.nlm.nih.gov\/articles\/PMC11479915\/\">meta-analize<\/a> arat\u0103 c\u0103 persoanele care sufer\u0103 de anumite tipuri de c\u0103dere a p\u0103rului au adesea niveluri mai sc\u0103zute de vitamina D. Acest lucru nu \u00eenseamn\u0103 c\u0103 vitamina D, luat\u0103 singur\u0103, rezolv\u0103 problema c\u0103derii p\u0103rului, dar poate fi un factor relevant de luat \u00een considerare atunci c\u00e2nd cauza nu este clar\u0103.<\/p>\n\n\n\n<div class=\"wp-block-group blog-definition\"><div class=\"wp-block-group__inner-container is-layout-constrained wp-block-group-is-layout-constrained\">\n<p class=\"wp-block-paragraph\">Alopecia areata <\/p>\n\n\n\n<p class=\"wp-block-paragraph\">O afec\u021biune autoimun\u0103 \u00een care sistemul imunitar atac\u0103 foliculii pilosi, duc\u00e2nd la o c\u0103dere brusc\u0103 \u0219i \u00een zone izolate a p\u0103rului \u2014 cel mai frecvent la nivelul scalpului, dar care poate afecta \u0219i alte zone ale corpului.<\/p>\n<\/div><\/div>\n\n\n\n<p class=\"wp-block-paragraph\">Cite\u0219te \u0219i: <a href=\"https:\/\/staging.purovitalis.com\/ro\/vitamina-d3-si-anti-imbatranire-ghidul-longevitatii\/\">Vitamina D3 \u0219i combaterea \u00eemb\u0103tr\u00e2nirii \u2013 Ghidul longevit\u0103\u021bii pentru 2025<\/a><\/p>\n\n\n\n<h3 class=\"wp-block-heading\">Biotin\u0103<\/h3>\n\n\n\n<p class=\"wp-block-paragraph\">Biotina este cunoscut\u0103 pe scar\u0103 larg\u0103 pentru rolul s\u0103u \u00een s\u0103n\u0103tatea p\u0103rului. Aceasta joac\u0103 un rol important \u00een metabolismul energetic \u0219i \u00een procesele legate de produc\u021bia de keratin\u0103. O caren\u021b\u0103 poate duce la sub\u021bierea sau c\u0103derea p\u0103rului. \u00cen acela\u0219i timp, \u00een prezent <a href=\"https:\/\/pmc.ncbi.nlm.nih.gov\/articles\/PMC5582478\/\" data-type=\"link\" data-id=\"https:\/\/pmc.ncbi.nlm.nih.gov\/articles\/PMC5582478\/\">dovezi<\/a> arat\u0103 c\u0103 suplimentarea cu biotin\u0103 nu \u00eembun\u0103t\u0103\u021be\u0219te \u00een mod semnificativ cre\u0219terea p\u0103rului la persoanele s\u0103n\u0103toase cu niveluri normale de biotin\u0103.<\/p>\n\n\n\n<h3 class=\"wp-block-heading\">Proteine <\/h3>\n\n\n\n<p class=\"wp-block-paragraph\">Proteinele sunt esen\u021biale pentru s\u0103n\u0103tatea p\u0103rului. P\u0103rul este alc\u0103tuit \u00een principal din keratin\u0103, o protein\u0103 structural\u0103, iar un aport redus de proteine poate perturba cre\u0219terea normal\u0103 a p\u0103rului \u0219i poate accentua c\u0103derea acestuia. Acest fenomen se observ\u0103 adesea \u00een timpul dietelor restrictive, al bolilor sau al perioadelor de subnutri\u021bie. C\u00e2nd proteinele <a href=\"https:\/\/pmc.ncbi.nlm.nih.gov\/articles\/PMC5315033\/\" data-type=\"link\" data-id=\"https:\/\/pmc.ncbi.nlm.nih.gov\/articles\/PMC5315033\/\">admisie<\/a> este sc\u0103zut\u0103, organismul acord\u0103 prioritate altor func\u021bii \u00een detrimentul cre\u0219terii p\u0103rului.<\/p>\n\n\n\n<p class=\"wp-block-paragraph\">\u00cenrudit: <a href=\"https:\/\/staging.purovitalis.com\/ro\/protein-aging-longevity\/\">Proteinele \u0219i \u00eemb\u0103tr\u00e2nirea: rolul aportului de proteine \u00een longevitate<\/a><\/p>\n\n\n\n<h3 class=\"wp-block-heading\">Vitamina C<\/h3>\n\n\n\n<p class=\"wp-block-paragraph\">Vitamina C sus\u021bine s\u0103n\u0103tatea p\u0103rului \u00een mod indirect. Aceasta contribuie la formarea normal\u0103 a colagenului, ac\u021bioneaz\u0103 ca antioxidant \u0219i \u00eembun\u0103t\u0103\u021be\u0219te absorb\u021bia fierului non-hemic. Aceste func\u021bii sunt esen\u021biale pentru men\u021binerea structurilor \u0219i proceselor care sus\u021bin cre\u0219terea s\u0103n\u0103toas\u0103 a p\u0103rului. Vitamina C trebuie privit\u0103 mai degrab\u0103 ca parte a unei abord\u0103ri nutri\u021bionale mai ample, dec\u00e2t ca o solu\u021bie de sine st\u0103t\u0103toare.<\/p>\n\n\n\n<p class=\"wp-block-paragraph\">Mai multe informa\u021bii despre vitamina C \u0219i longevitate g\u0103si\u021bi aici: <a href=\"https:\/\/staging.purovitalis.com\/ro\/vitamin-c-benefits-longevity\/\" data-type=\"link\" data-id=\"https:\/\/staging.purovitalis.com\/vitamin-c-benefits-longevity\/\">Vitamina C pentru longevitate<\/a><\/p>\n\n\n\n<h2 class=\"wp-block-heading\">O abordare mai ampl\u0103 a spermidinei<\/h2>\n\n\n\n<p class=\"wp-block-paragraph\">Spermidina nu este important\u0103 doar pentru p\u0103r. Ea este prezent\u0103 \u00een mod natural \u00een organism \u0219i a fost studiat\u0103 pentru rolul pe care \u00eel joac\u0103 \u00een sus\u021binerea proceselor de re\u00eennoire celular\u0103, inclusiv a autofagiei. Acesta este unul dintre mecanismele prin care organismul \u00ee\u0219i men\u021bine echilibrul \u0219i elimin\u0103 componentele deteriorate \u00een timp.<\/p>\n\n\n\n<p class=\"wp-block-paragraph\">\u00cen formula Purovitalis, spermidina este combinat\u0103 cu substan\u021be nutritive atent selectate, care sus\u021bin procesele conexe din organism. Vitaminele din complexul B, precum B1, B6, B12 \u0219i acidul folic, contribuie la metabolismul energetic normal \u0219i la func\u021bionarea normal\u0103 a celulelor. Vitamina D joac\u0103 un rol important \u00een func\u021bionarea sistemului imunitar \u0219i \u00een reglarea celular\u0103, \u00een timp ce zincul sus\u021bine diviziunea celular\u0103 \u0219i men\u021binerea \u021besuturilor.<\/p>\n\n\n\n<p class=\"wp-block-paragraph\">Fiecare ingredient are un rol bine definit. \u00cempreun\u0103, acestea sus\u021bin func\u021bionarea organismului \u00een via\u021ba de zi cu zi \u2014 nu doar \u00eentr-un singur domeniu, ci la nivelul tuturor sistemelor care sunt interconectate \u00een timp.<\/p>\n\n\n\n<p class=\"wp-block-paragraph\">Vezi mai multe aici: <a href=\"https:\/\/staging.purovitalis.com\/ro\/produse\/supliment-de-spermidina\/\" data-type=\"link\" data-id=\"https:\/\/staging.purovitalis.com\/products\/spermidine-supplement\/\">Spermidin\u0103 Lipozomal\u0103<\/a><\/p>\n\n\n\n<div class=\"wp-block-group blog-summary\"><div class=\"wp-block-group__inner-container is-layout-constrained wp-block-group-is-layout-constrained\">\n<p class=\"wp-block-paragraph\">Not\u0103 final\u0103 <\/p>\n\n\n\n<p class=\"wp-block-paragraph\">S\u0103n\u0103tatea p\u0103rului rareori depinde doar de un singur ingredient. Ea reflect\u0103 modul \u00een care func\u021bioneaz\u0103 organismul \u00een ansamblu \u2014 de la starea nutri\u021bional\u0103 p\u00e2n\u0103 la activitatea celular\u0103. Spermidina adaug\u0103 o dimensiune interesant\u0103 acestui tablou. Atunci c\u00e2nd este combinat\u0103 cu o baz\u0103 nutri\u021bional\u0103 adecvat\u0103, ea devine parte a unei abord\u0103ri mai ample, bazate pe \u0219tiin\u021b\u0103, menit\u0103 s\u0103 sus\u021bin\u0103 aspectul \u0219i starea ta de bine pe termen lung.<\/p>\n<\/div><\/div>\n\n\n\n<p class=\"wp-block-paragraph\">\u00cenrudit:&nbsp;<a title=\"Alimente cu con\u021binut ridicat de spermidin\u0103 \u2013 lista complet\u0103\" href=\"\/ro\/alimente-bogate-in-spermidina-lista-completa\/\">Alimente cu con\u021binut ridicat de spermidin\u0103<\/a><\/p>\n\n\n\n<details class=\"wp-block-details blog-references is-layout-flow wp-block-details-is-layout-flow\"><summary>Referin\u021be <\/summary>\n<ol class=\"wp-block-list\">\n<li>Almohanna, H. M., Ahmed, A. A., Tsatalis, J. P. \u0219i Tosti, A. (2019).<\/li>\n\n\n\n<li><em>Rolul vitaminelor \u0219i mineralelor \u00een c\u0103derea p\u0103rului: o sintez\u0103.<\/em> Dermatologie \u0219i Terapie, 9(1), 51\u201370. Kantor, J., Kessler, L. J., Brooks, D. G. \u0219i Cotsarelis, G. (2003).<\/li>\n\n\n\n<li><em>Sc\u0103derea nivelului de feritin\u0103 seric\u0103 este asociat\u0103 cu alopecia la femei.<\/em> Journal of Investigative Dermatology, 121(5), 985\u2013988. Park, H., Kim, C. W., Kim, S. S. \u0219i Park, C. W. (2009).<\/li>\n\n\n\n<li><em>Efectul terapeutic \u0219i modificarea nivelului seric de zinc dup\u0103 administrarea de suplimente de zinc la pacien\u021bii cu alopecie areata care prezentau un nivel seric sc\u0103zut de zinc<\/em>. Annals of Dermatology, 21(2), 142\u2013146. Lee, S., Kim, B. J., Lee, Y. B. \u0219i Lee, W. S. (2020).<\/li>\n\n\n\n<li><em>C\u0103derea p\u0103rului \u0219i deficitul de vitamina D: o meta-analiz\u0103.<\/em> Skin Appendage Disorders, 6(3), 148\u2013157. Patel, D. P., Swink, S. M. \u0219i Castelo-Soccio, L. (2017).<\/li>\n\n\n\n<li><em>O analiz\u0103 a utiliz\u0103rii biotinei \u00een tratarea c\u0103derii p\u0103rului.<\/em> Tulbur\u0103ri ale anexelor cutanate, 3(3), 166\u2013169. Malkud, S. (2015).<\/li>\n\n\n\n<li><em>Efluviul telogen: o sintez\u0103.<\/em> Journal of Clinical and Diagnostic Research, 9(9), WE01\u2013WE03. Pullar, J. M., Carr, A. C. \u0219i Vissers, M. C. M. (2017).<\/li>\n\n\n\n<li><em>Rolul vitaminei C \u00een s\u0103n\u0103tatea pielii.<\/em> Nutrients, 9(8), 866. Ramot, Y., Tiede, S., B\u00edr\u00f3, T., \u0219i colab. (2011).<\/li>\n\n\n\n<li><em>Efectele proliferative ale spermidinei asupra foliculilor pilosi umani: un factor nou \u00een reglarea cre\u0219terii p\u0103rului uman.<\/em> PLOS One, 6(7), e22564. Kiechl, S., Pechlaner, R., Willeit, P. \u0219i colab. (2018).<\/li>\n\n\n\n<li><em>Un aport mai mare de spermidin\u0103 este asociat cu o mortalitate mai sc\u0103zut\u0103: un studiu prospectiv bazat pe popula\u021bie.<\/em> The American Journal of Clinical Nutrition, 108(2), 371\u2013380. Madeo, F., Eisenberg, T., Pietrocola, F. \u0219i Kroemer, G. (2018).<\/li>\n\n\n\n<li><em>Spermidina \u00een s\u0103n\u0103tate \u0219i boal\u0103.<\/em> Science, 359(6374). Eisenberg, T., Abdellatif, M., Zimmermann, A. \u0219i colab. (2016).<\/li>\n\n\n\n<li><em>Cardioprotec\u021bia \u0219i prelungirea duratei de via\u021b\u0103 prin intermediul spermidinei, o poliamin\u0103 natural\u0103.<\/em> Nature Medicine, 22(12), 1428\u20131438. Schwarz, A. \u0219i colab. (2021).<\/li>\n\n\n\n<li><em>Spermidina favorizeaz\u0103 pigmentarea p\u0103rului uman prin intermediul c\u0103ilor de melanogenez\u0103.<\/em> (Studiu privind mecanismele melanogenezei \u0219i ale spermidinei). Wirth, M., Benson, G., Schwarz, C. \u0219i colab. (2024).<\/li>\n<\/ol>\n<\/details>\n\n\n\n<p class=\"wp-block-paragraph\"><\/p>","protected":false},"excerpt":{"rendered":"<p>Changes in hair are often among the first visible signs of ageing. Hair may grow more slowly, become thinner, or start to lose some of its natural colour. Spermidine has attracted interest in this area because it is a naturally occurring compound involved in cellular renewal, and researchers are studying whether it may help support [&hellip;]<\/p>\n","protected":false},"author":6,"featured_media":343905,"comment_status":"closed","ping_status":"open","sticky":false,"template":"","format":"standard","meta":{"_acf_changed":false,"footnotes":""},"categories":[68],"tags":[349,163],"class_list":["post-163","post","type-post","status-publish","format-standard","has-post-thumbnail","hentry","category-science","tag-recovery","tag-spermidine"],"acf":[],"_links":{"self":[{"href":"https:\/\/staging.purovitalis.com\/ro\/wp-json\/wp\/v2\/posts\/163","targetHints":{"allow":["GET"]}}],"collection":[{"href":"https:\/\/staging.purovitalis.com\/ro\/wp-json\/wp\/v2\/posts"}],"about":[{"href":"https:\/\/staging.purovitalis.com\/ro\/wp-json\/wp\/v2\/types\/post"}],"author":[{"embeddable":true,"href":"https:\/\/staging.purovitalis.com\/ro\/wp-json\/wp\/v2\/users\/6"}],"replies":[{"embeddable":true,"href":"https:\/\/staging.purovitalis.com\/ro\/wp-json\/wp\/v2\/comments?post=163"}],"version-history":[{"count":5,"href":"https:\/\/staging.purovitalis.com\/ro\/wp-json\/wp\/v2\/posts\/163\/revisions"}],"predecessor-version":[{"id":344149,"href":"https:\/\/staging.purovitalis.com\/ro\/wp-json\/wp\/v2\/posts\/163\/revisions\/344149"}],"wp:featuredmedia":[{"embeddable":true,"href":"https:\/\/staging.purovitalis.com\/ro\/wp-json\/wp\/v2\/media\/343905"}],"wp:attachment":[{"href":"https:\/\/staging.purovitalis.com\/ro\/wp-json\/wp\/v2\/media?parent=163"}],"wp:term":[{"taxonomy":"category","embeddable":true,"href":"https:\/\/staging.purovitalis.com\/ro\/wp-json\/wp\/v2\/categories?post=163"},{"taxonomy":"post_tag","embeddable":true,"href":"https:\/\/staging.purovitalis.com\/ro\/wp-json\/wp\/v2\/tags?post=163"}],"curies":[{"name":"wp","href":"https:\/\/api.w.org\/{rel}","templated":true}]}}