{"id":165,"date":"2023-01-31T08:17:00","date_gmt":"2023-01-31T07:17:00","guid":{"rendered":"https:\/\/purovitalis.com\/index.php\/2023\/05\/03\/a-13-year-long-study-identifies-a-fountain-of-youth-and-how-to-tap-into-it\/"},"modified":"2024-08-30T12:01:45","modified_gmt":"2024-08-30T11:01:45","slug":"un-studiu-de-13-ani-identifica-o-fantana-a-tineretii","status":"publish","type":"post","link":"https:\/\/staging.purovitalis.com\/ro\/a-13-year-long-study-identifies-a-fountain-of-youth\/","title":{"rendered":"Un studiu desf\u0103\u0219urat pe o perioad\u0103 de 13 ani identific\u0103 \u201ef\u00e2nt\u00e2na tinere\u021bii\u201d prin intermediul terapiei genice"},"content":{"rendered":"<p class=\"has-text-align-left wp-block-paragraph\">Pe 12 ianuarie 2023, a fost publicat un studiu revolu\u021bionar care schimb\u0103 modul \u00een care percepem \u00eemb\u0103tr\u00e2nirea. Dac\u0103 considera\u021bi c\u0103 \u00eemb\u0103tr\u00e2nirea este un proces evolutiv inevitabil \u0219i c\u0103 titlul acestei pagini este doar o strategie de atragere a aten\u021biei f\u0103r\u0103 scrupule, rezumatul acestei noi publica\u021bii v-ar putea schimba perspectiva.<\/p>\n\n\n\n<p class=\"wp-block-paragraph\">Aceast\u0103 publica\u021bie inovatoare este rezultatul unor experimente diverse desf\u0103\u0219urate \u00een ultimul deceniu. Ea reprezint\u0103 o etap\u0103 important\u0103 care schimb\u0103 modul \u00een care oamenii de \u0219tiin\u021b\u0103 vor concepe studiile din domeniul cercet\u0103rii \u00eemb\u0103tr\u00e2nirii \u0219i ar putea contribui, de asemenea, la dezvoltarea unei abord\u0103ri uniforme \u00een ceea ce prive\u0219te <strong>tratarea bolilor legate de v\u00e2rst\u0103<\/strong>.<\/p>\n\n\n\n<h2 class=\"wp-block-heading\" id=\"h-summary\">Rezumat<\/h2>\n\n\n\n<p class=\"wp-block-paragraph\">Autorii acestui articol au folosit o metafor\u0103 bine construit\u0103 \u0219i sugestiv\u0103 pentru a sublinia <strong>principalele concluzii<\/strong> a acestei publica\u021bii relativ complexe:<\/p>\n\n\n\n<ul class=\"wp-block-list\">\n<li>Genomul mamiferelor poate fi considerat \u201ehardware-ul\u201d nostru biologic.<\/li>\n\n\n\n<li>Epigenomul poate fi considerat ca fiind \u201esoftware-ul\u201d nostru. Acesta nu influen\u021beaz\u0103 \u201ehardware-ul\u201d, ci afecteaz\u0103 mai degrab\u0103 modul \u00een care \u00eel utiliz\u0103m.<\/li>\n\n\n\n<li>P\u00e2n\u0103 acum, credeam c\u0103 o defec\u021biune la nivel de hardware (adic\u0103 deteriorarea ADN-ului) este cauza principal\u0103 a \u00eemb\u0103tr\u00e2nirii.<\/li>\n\n\n\n<li>Rezultatele experimentelor din cadrul acestui studiu sugereaz\u0103 exact contrariul. Se pare c\u0103 programul software este cel care determin\u0103 procesul de \u00eemb\u0103tr\u00e2nire biologic\u0103.<\/li>\n\n\n\n<li>Cercet\u0103torii au alterat \u201esoftware-ul\u201d \u0219oarecilor de laborator, asigur\u00e2ndu-se totodat\u0103 c\u0103 \u201ehardware-ul\u201d acestora a r\u0103mas neafectat. S-a observat un proces de \u00eemb\u0103tr\u00e2nire accelerat. O descoperire revolu\u021bionar\u0103!<\/li>\n<\/ul>\n\n\n\n<p class=\"wp-block-paragraph\">Dar lucrurile devin \u0219i mai interesante:<\/p>\n\n\n\n<ul class=\"wp-block-list\">\n<li>\u00cen plus, ace\u0219tia <strong>terapia genic\u0103 utilizat\u0103<\/strong> pentru a readuce \u201esoftware-ul\u201d \u0219oarecilor la o stare anterioar\u0103, mai t\u00e2n\u0103r\u0103.<\/li>\n\n\n\n<li>Ei nu \u0219tiu c\u0103 acest lucru a func\u021bionat, dar a func\u021bionat, iar acest lucru sugereaz\u0103 c\u0103 celulele \u0219oarecilor p\u0103streaz\u0103 o copie de rezerv\u0103 a \u201esoftware-ului\u201d lor.<\/li>\n\n\n\n<li>Dac\u0103 software-ul lor se deterioreaz\u0103 din cauza proceselor naturale de \u00eemb\u0103tr\u00e2nire, putem pur \u0219i simplu s\u0103 le red\u0103m tinere\u021bea folosind copia de rezerv\u0103 a celulei.<\/li>\n<\/ul>\n\n\n\n<p class=\"wp-block-paragraph\">\u00cen ansamblu, aceasta este o veste \u00eembucur\u0103toare, \u00eentruc\u00e2t remedierea problemelor software-ului nostru este mult mai u\u0219oar\u0103 dec\u00e2t repararea sau \u00eenlocuirea componentelor hardware.<\/p>\n\n\n\n<h2 class=\"wp-block-heading\" id=\"h-glossary\">Glosar<\/h2>\n\n\n\n<p class=\"wp-block-paragraph\">Pentru a profita la maximum de rezumatul studiului prezentat mai jos, v\u0103 recomand\u0103m s\u0103 v\u0103 familiariza\u021bi cu urm\u0103torii termeni:<\/p>\n\n\n\n<figure class=\"wp-block-table\"><table><tbody><tr><td><strong>Termen<\/strong><\/td><td><strong>Explica\u021bie<\/strong><\/td><\/tr><tr><td>Epigenetica<\/td><td>se refer\u0103 la studiul modific\u0103rilor activit\u0103\u021bii genelor care nu implic\u0103 modific\u0103ri ale secven\u021bei de ADN subiacente. Aceste modific\u0103ri pot afecta modul \u00een care genele sunt exprimate, adic\u0103 activate sau dezactivate, \u00een diferite celule \u0219i pot fi influen\u021bate de mediul \u00eenconjur\u0103tor, stilul de via\u021b\u0103 al unei persoane \u0219i al\u021bi factori.\n<p>Propriet\u0103\u021bile epigenetice sunt cele care definesc o celul\u0103, iar activarea sau dezactivarea diverselor gene din interiorul unei celule este, de asemenea, ceea ce diferen\u021biaz\u0103 o celul\u0103 sanguin\u0103 de o celul\u0103 nervoas\u0103.<\/p>\n<\/td><\/tr><tr><td>Repararea fidel\u0103 a ADN-ului<\/td><td>se refer\u0103 la procesul prin care celulele repar\u0103 erorile sau deterior\u0103rile moleculelor de ADN pentru a men\u021bine integritatea codului genetic. \u201eFidel\u201d \u00eenseamn\u0103 c\u0103 procesul de reparare se desf\u0103\u0219oar\u0103 corect \u0219i nu va provoca muta\u021bii ale ADN-ului.<\/td><\/tr><tr><td>Muta\u021bii ale ADN-ului<\/td><td>se refer\u0103 la modific\u0103rile secven\u021bei ADN-ului care pot ap\u0103rea \u00een mod natural sau ca urmare a expunerii la anumi\u021bi factori de mediu, precum radia\u021biile sau substan\u021bele chimice. Anumite muta\u021bii pot provoca tulbur\u0103ri genetice sau pot cre\u0219te riscul apari\u021biei anumitor boli.<\/td><\/tr><tr><td>Ceasul metil\u0103rii ADN-ului<\/td><td>este un marker biologic care reflect\u0103 acumularea modific\u0103rilor epigenetice \u00een ADN de-a lungul timpului. Acest ceas poate fi folosit pentru a estima v\u00e2rsta unei celule, a unui \u021besut sau a unui organism. Este un parametru care poate fi folosit pentru a estima v\u00e2rsta noastr\u0103 biologic\u0103.<\/td><\/tr><tr><td>Identitatea celular\u0103<\/td><td>se refer\u0103 la caracteristicile care definesc un anumit tip de celul\u0103, precum forma, dimensiunea, func\u021bia \u0219i modelele de expresie genic\u0103 ale acesteia.<\/td><\/tr><tr><td>ICE (inducibil\n<p>modific\u0103ri ale epigenomului)<\/p>\n<\/td><td>se refer\u0103 la procesul prin care factorii de mediu sau de alt\u0103 natur\u0103 pot provoca modific\u0103ri ale marcajelor epigenetice de pe ADN-ul unei persoane, ceea ce poate afecta expresia anumitor gene \u0219i poate duce, eventual, la apari\u021bia unor boli.<\/td><\/tr><\/tbody><\/table><\/figure>\n\n\n\n<h2 class=\"wp-block-heading\" id=\"h-background-of-the-study\">Contextul studiului<\/h2>\n\n\n\n<p class=\"wp-block-paragraph\">Acest <a title=\"Pierderea informa\u021biei epigenetice ca cauz\u0103 a \u00eemb\u0103tr\u00e2nirii la mamifere\" href=\"https:\/\/www.cell.com\/cell\/pdf\/S0092-8674(22)01570-7.pdf\">studiu interna\u021bional<\/a>, intitulat \u201ePierderea informa\u021biei epigenetice ca cauz\u0103 a \u00eemb\u0103tr\u00e2nirii la mamifere\u201d, a fost elaborat pe parcursul a 13 ani \u0219i a fost publicat \u00een cele din urm\u0103 pe 12 ianuarie \u00een revista Cell. Articolul a fost redactat de o echip\u0103 interna\u021bional\u0103, din care face parte \u0219i David Sinclair, profesor de genetic\u0103 la Harvard Medical School, renumit pentru cercet\u0103rile sale revolu\u021bionare \u00een domeniul \u00eemb\u0103tr\u00e2nirii \u0219i care ia suplimente de NMN \u00een doz\u0103 zilnic\u0103 de 1 gram. Publica\u021bia detaliaz\u0103 numeroase experimente care au fost efectuate pentru a identifica cauzele \u00eemb\u0103tr\u00e2nirii la nivel molecular.<\/p>\n\n\n\n<p class=\"wp-block-paragraph\">Ce suplimente ia dr. Sinclair? <a title=\"David Sinclair \u0219i suplimentele alimentare: ce ia? Protocolul s\u0103u privind s\u0103n\u0103tatea \u0219i alimenta\u021bia\" href=\"\/ro\/ce-suplimente-ia-david-sinclair-protocolul-sau-de-sanatate\/\">Cite\u0219te rutina lui pentru o via\u021b\u0103 lung\u0103<\/a><\/p>\n\n\n\n<h2 class=\"wp-block-heading\" id=\"h-previous-findings-and-the-rcm-hypothesis\">Constat\u0103rile anterioare \u0219i ipoteza RCM<\/h2>\n\n\n\n<ul class=\"wp-block-list\">\n<li>Cercet\u0103torii au stabilit anterior o leg\u0103tur\u0103 \u00eentre \u00eemb\u0103tr\u00e2nire \u0219i rupturile ADN-ului dublu-catenar, care apar \u00een aproximativ 10\u201350 de celule pe zi.<\/li>\n\n\n\n<li>\u00cen ultima vreme, \u00eens\u0103, au ap\u0103rut \u00eentreb\u0103ri cu privire la faptul dac\u0103 muta\u021biile ADN-ului sunt \u00eentr-adev\u0103r principalul factor care determin\u0103 \u00eemb\u0103tr\u00e2nirea. Mai multe descoperiri au sugerat c\u0103 ar putea exista mai multe aspecte implicate.\n<ul class=\"wp-block-list\">\n<li>S-a constatat c\u0103 diverse tipuri de celule mai vechi prezint\u0103 foarte pu\u021bine muta\u021bii, iar la unii \u0219oareci sau oameni nu s-a observat \u00eemb\u0103tr\u00e2nirea prematur\u0103.<\/li>\n\n\n\n<li>\u00cen plus, rezultatele studiilor efectuate pe drojdie \u00een 1997 au indicat c\u0103 pierderea informa\u021biei epigenetice, mai degrab\u0103 dec\u00e2t a celei genetice, ar putea fi cauza \u00eemb\u0103tr\u00e2nirii.<\/li>\n\n\n\n<li>Ulterior, modific\u0103rile epigenetice au fost corelate \u0219i cu procesul de \u00eemb\u0103tr\u00e2nire la animale precum mu\u0219tele, viermii \u0219i \u0219obolanii-c\u00e2rti\u021b\u0103 goi.<\/li>\n<\/ul>\n<\/li>\n<\/ul>\n\n\n\n<p class=\"wp-block-paragraph\">Acest lucru i-a determinat pe dr. Sinclair \u0219i echipa sa s\u0103 formuleze \u201cipoteza RMC (Relocalizarea modificatorilor cromatinei)\u201d.<\/p>\n\n\n\n<p class=\"wp-block-paragraph\">Ipoteza RCM presupune c\u0103 \u00eemb\u0103tr\u00e2nirea celulelor animale este rezultatul pierderii, \u00een timp, a informa\u021biei epigenetice \u0219i a re\u021belelor transcrip\u021bionale. Mecanismul care st\u0103 la baza acestui fenomen a evoluat pentru a co-regla r\u0103spunsul nostru la leziunile celulare, precum rupturile de ADN pe dublu catenar (DSB).<\/p>\n\n\n\n<h2 class=\"wp-block-heading\" id=\"h-how-ice-tests-the-rcm-hypothesis\">Cum testeaz\u0103 ICE ipoteza RCM<\/h2>\n\n\n\n<p class=\"wp-block-paragraph\">Pentru a testa aceast\u0103 ipotez\u0103, cercet\u0103torii au dezvoltat metode care le-au permis s\u0103 degradeze mai \u00eent\u00e2i \u0219i apoi s\u0103 reseteze informa\u021bia epigenetic\u0103 at\u00e2t in vitro (\u00een celule), c\u00e2t \u0219i in vivo (la \u0219oareci).<\/p>\n\n\n\n<p class=\"wp-block-paragraph\">Cel mai important experiment a constat \u00een crearea unor rupturi temporare \u00een ADN-ul \u0219oarecilor de laborator. Aceste rupturi au fost concepute pentru a imita rupturile de grad redus ale cromozomilor care apar zilnic, de-a lungul timpului, \u00een celulele noastre \u0219i \u00een celulele acestor \u0219oareci, ca r\u0103spuns la expunerea la lumina soarelui, substan\u021be chimice, raze cosmice \u0219i al\u021bi factori de mediu.<\/p>\n\n\n\n<p class=\"wp-block-paragraph\">Re\u021bine\u021bi c\u0103 cercet\u0103torii doresc s\u0103 studieze modul \u00een care modific\u0103rile epigenetice influen\u021beaz\u0103 \u00eemb\u0103tr\u00e2nirea; prin urmare, aceste t\u0103ieturi au fost concepute pentru a modifica doar epigenomul, nefiind efectuate \u00een regiunea codificatoare a ADN-ului \u0219oarecilor, pentru a preveni apari\u021bia muta\u021biilor genetice (adic\u0103, t\u0103ieturi nemutagene)<\/p>\n\n\n\n<p class=\"wp-block-paragraph\">Metoda recent dezvoltat\u0103 pentru aceste rupturi cromozomiale inten\u021bionate a fost denumit\u0103 sistemul ICE. Subiec\u021bii testa\u021bi au primit porecla potrivit\u0103 de \u201e\u0219oareci ICE\u201d.<\/p>\n\n\n\n<p class=\"wp-block-paragraph\">A\u0219adar, dac\u0103 ipoteza RCM este corect\u0103, aceste rupturi mutagene ar trebui s\u0103 accelereze \u00eemb\u0103tr\u00e2nirea epigenetic\u0103 a \u0219oarecilor ICE \u0219i, de asemenea, s\u0103 accelereze apari\u021bia altor caracteristici asociate v\u00e2rstei, \u00een compara\u021bie cu rudele lor apropiate (grupul de control care nu a fost supus niciunei rupturi).<\/p>\n\n\n\n<h2 class=\"wp-block-heading\" id=\"h-what-happened-after-the-mice-suffered-these-breaks\">Ce s-a \u00eent\u00e2mplat dup\u0103 ce \u0219oarecii au suferit aceste fracturi?<\/h2>\n\n\n\n<p class=\"wp-block-paragraph\">La \u00eenceput, comportamentul lor, nivelul de activitate \u0219i consumul de hran\u0103 nu prezentau diferen\u021be fa\u021b\u0103 de grupul de control negativ. Dup\u0103 apari\u021bia unei rupturi, factorii epigenetici \u0219i-au schimbat pur \u0219i simplu rolul, trec\u00e2nd de la reglarea genelor la coordonarea procesului de reparare a rupturilor de ADN. Odat\u0103 ce ruptura a fost reparat\u0103, ace\u0219tia au revenit la rolul lor ini\u021bial de reglare a genelor.<\/p>\n\n\n\n<p class=\"wp-block-paragraph\">Cu toate acestea, dup\u0103 o lun\u0103 de tratament cu ICE, au \u00eenceput s\u0103 apar\u0103 unele modific\u0103ri. \u0218oarecii trata\u021bi cu ICE au prezentat c\u0103derea p\u0103rului \u0219i decolorarea zonei nasului, a urechilor, a labei \u0219i a cozii. Aceste modific\u0103ri fiziologice sunt asociate, de obicei, cu \u0219oarecii de v\u00e2rst\u0103 mijlocie.<\/p>\n\n\n\n<p class=\"wp-block-paragraph\">Dup\u0103 10 luni, \u0219oarecii ICE au \u00eenregistrat, de asemenea, o sc\u0103dere a greut\u0103\u021bii corporale, un indice de schimb respirator mai sc\u0103zut \u0219i o activitate fizic\u0103 redus\u0103 \u00een faza de \u00eentuneric. Toate acestea sunt caracteristici tipice care indic\u0103 b\u0103tr\u00e2ne\u021bea la \u0219oareci. Descoperirile de la microscop au fost \u00een concordan\u021b\u0103 cu aceste observa\u021bii: cercet\u0103torii au observat c\u0103 factorii epigenetici men\u021biona\u021bi anterior nu \u0219i-au reluat func\u021bia dup\u0103 repararea rupturilor de ADN. Acest lucru a dus la haos \u0219i disfunc\u021bionalit\u0103\u021bi \u00een cadrul epigenomului.<\/p>\n\n\n\n<p class=\"wp-block-paragraph\">De\u0219i putem fi deja destul de siguri c\u0103 \u0219oarecii ICE au \u00eemb\u0103tr\u00e2nit, \u00eentr-adev\u0103r, mai repede. Cercet\u0103torii au mers un pas mai departe \u0219i au folosit un instrument dezvoltat de laboratorul lor, care le-a permis s\u0103 m\u0103soare v\u00e2rsta biologic\u0103 a \u0219oarecilor. Ceasul de metilare a ADN-ului poate fi utilizat pe celule, \u021besuturi sau organisme. V\u00e2rsta biologic\u0103 a \u0219oarecilor ICE a fost semnificativ mai mare \u00een compara\u021bie cu cea a grupului de control negativ netratat.<\/p>\n\n\n\n<p class=\"wp-block-paragraph\">Pe scurt, experimentul a demonstrat c\u0103 rupturile de ADN nemutagene la \u0219oareci, care imit\u0103 rupturile de ADN din via\u021ba de zi cu zi:<\/p>\n\n\n\n<ul class=\"wp-block-list\">\n<li>Accelereaz\u0103 procesul de \u00eemb\u0103tr\u00e2nire, a\u0219a cum o indic\u0103 schimb\u0103rile fiziologice, precum c\u0103derea p\u0103rului, pierderea pigment\u0103rii, sc\u0103derea greut\u0103\u021bii corporale, sc\u0103derea activit\u0103\u021bii fizice \u00een timpul fazelor de \u00eentuneric \u0219i un RER (raportul de schimb respirator) mai sc\u0103zut.<\/li>\n\n\n\n<li>\u00cemb\u0103tr\u00e2nirea accelerat\u0103, a\u0219a cum este definit\u0103 de ceasul de metilare a ADN-ului, care m\u0103soar\u0103 v\u00e2rsta din punct de vedere biologic, nu cronologic.<\/li>\n\n\n\n<li>A afectat negativ peisajul epigenetic atunci c\u00e2nd factorii epigenetici nu au revenit la reglarea ADN-ului dup\u0103 ce au reglat repararea rupturilor de ADN induse.<\/li>\n<\/ul>\n\n\n\n<p class=\"wp-block-paragraph\">Aceste rezultate sus\u021bin ipotezele formulate \u00een cadrul ipotezei RCM.<\/p>\n\n\n\n<figure class=\"wp-block-image\"><img loading=\"lazy\" decoding=\"async\" width=\"985\" height=\"1325\" src=\"https:\/\/staging.purovitalis.com\/wp-content\/uploads\/2023\/05\/study-results.webp\" alt=\"leziunile ADN-ului \u0219i \u00eemb\u0103tr\u00e2nirea epigenetic\u0103 la \u0219oareci, compar\u00e2nd Cr \u0219i ICE\" class=\"wp-image-1428\" srcset=\"https:\/\/staging.purovitalis.com\/wp-content\/uploads\/2023\/05\/study-results.webp 985w, https:\/\/staging.purovitalis.com\/wp-content\/uploads\/2023\/05\/study-results-600x807.webp 600w, https:\/\/staging.purovitalis.com\/wp-content\/uploads\/2023\/05\/study-results-223x300.webp 223w, https:\/\/staging.purovitalis.com\/wp-content\/uploads\/2023\/05\/study-results-761x1024.webp 761w, https:\/\/staging.purovitalis.com\/wp-content\/uploads\/2023\/05\/study-results-768x1033.webp 768w, https:\/\/staging.purovitalis.com\/wp-content\/uploads\/2023\/05\/study-results-60x81.webp 60w, https:\/\/staging.purovitalis.com\/wp-content\/uploads\/2023\/05\/study-results-110x148.webp 110w\" sizes=\"auto, (max-width: 985px) 100vw, 985px\" \/><\/figure>\n\n\n\n<p class=\"wp-block-paragraph\"><a href=\"https:\/\/www.cell.com\/cell\/pdf\/S0092-8674(22)01570-7.pdf#secsectitle0025\">imagine de la CellPress<\/a><\/p>\n\n\n\n<h2 class=\"wp-block-heading\" id=\"h-rejuvenation-of-ice-mice\">Rejuvenarea \u0219oarecilor ICE<\/h2>\n\n\n\n<p class=\"wp-block-paragraph\">Cu toate acestea, \u00een acest moment, cercet\u0103torii nu puteau \u00eenc\u0103 s\u0103 fie siguri c\u0103 aceste efecte nu erau cauzate de muta\u021bii ale ADN-ului. Pentru a exclude aceast\u0103 posibilitate, au fost nevoi\u021bi s\u0103 reseteze epigenomul at\u00e2t \u00een experimentele in vivo, c\u00e2t \u0219i \u00een cele in vitro.<\/p>\n\n\n\n<p class=\"wp-block-paragraph\">Pentru a realiza aceast\u0103 \u201cterapie genic\u0103\u201d menit\u0103 s\u0103 refac\u0103 epigenomul, cercet\u0103torii au introdus trei gene cunoscute sub numele de Oct4, Sox2 \u0219i Klf4. Acest trio este denumit OSK. Aceste gene sunt, \u00een mod normal, activate \u00een timpul dezvolt\u0103rii embrionare \u0219i sunt prezente \u00een mod natural \u00een celulele stem. Ele ajut\u0103 celulele mature s\u0103 revin\u0103 la o stare mai t\u00e2n\u0103r\u0103.<\/p>\n\n\n\n<p class=\"wp-block-paragraph\">Curiozitate: \u00cen 2020, laboratorul lui Sinclair <a href=\"https:\/\/www.ncbi.nlm.nih.gov\/pmc\/articles\/PMC7752134\/\">a reu\u0219it s\u0103 restabileasc\u0103 vederea la \u0219oarecii de laborator orbi folosind aceste trei gene<\/a><\/p>\n\n\n\n<h2 class=\"wp-block-heading\" id=\"h-the-results-of-this-gene-therapy\">Rezultatele acestei terapii genice<\/h2>\n\n\n\n<p class=\"wp-block-paragraph\">\u021aesuturile \u0219i organele \u0219oarecilor ICE au fost readuse cu succes la o stare anterioar\u0103, asociat\u0103 cu tinere\u021bea. Nu \u0219tim \u00eenc\u0103 cum reu\u0219e\u0219te terapia genic\u0103 bazat\u0103 pe OSK s\u0103 realizeze acest lucru, dar tot ce \u0219tim este c\u0103 func\u021bioneaz\u0103. \u0218tim, de asemenea, c\u0103 este necesar\u0103 o copie de rezerv\u0103 pentru a restabili datele. Deoarece aceast\u0103 copie de rezerv\u0103 nu poate fi \u00een interiorul genelor OSK, ea trebuie s\u0103 se afle \u00een celulele mamifere ale \u0219oarecilor ICE. Cu alte cuvinte: celulele \u0219oarecilor con\u021bin o poten\u021bial\u0103 f\u00e2nt\u00e2n\u0103 a tinere\u021bii, iar noi am g\u0103sit o modalitate de a o exploata!<\/p>\n\n\n\n<h3 class=\"wp-block-heading\" id=\"h-the-takeaways\">Concluziile<\/h3>\n\n\n\n<p class=\"wp-block-paragraph\">Seria ampl\u0103 de experimente realizate de cercet\u0103tor confirm\u0103 faptul c\u0103 principala cauz\u0103 a \u00eemb\u0103tr\u00e2nirii nu o reprezint\u0103 modific\u0103rile ADN-ului. \u00cen schimb, \u00eemb\u0103tr\u00e2nirea pare s\u0103 fie determinat\u0103 de modific\u0103rile structurii cromatinei, un factor epigenetic responsabil de formarea cromozomilor.<\/p>\n\n\n\n<p class=\"wp-block-paragraph\">Pentru cercet\u0103torii din domeniul anti-\u00eemb\u0103tr\u00e2nirii, aceste noi descoperiri sunt extrem de \u00eencurajatoare \u0219i entuziasmante, deoarece manipularea moleculelor care controleaz\u0103 factorii epigenetici este mult mai u\u0219oar\u0103 dec\u00e2t inversarea muta\u021biilor ADN-ului. Studiul a demonstrat c\u0103 putem controla cu precizie v\u00e2rsta \u0219oarecilor. Putem s\u0103 o acceler\u0103m, s\u0103 o \u00eencetinim sau s\u0103 o invers\u0103m, dup\u0103 cum dorim.<\/p>\n\n\n\n<p class=\"wp-block-paragraph\">Publica\u021bia a ar\u0103tat, de asemenea, c\u0103 celulele mamifere ale \u0219oarecilor p\u0103streaz\u0103 o copie de rezerv\u0103 a informa\u021biei lor epigenetice. Folosind trei gene cunoscute sub numele de OSK, epigenomul a fost readus la o stare de tinere\u021be cu ajutorul acestei copii de rezerv\u0103.<\/p>\n\n\n\n<h2 class=\"wp-block-heading\" id=\"h-would-ice-and-osk-gene-therapy-work-in-humans\">Ar func\u021biona terapia genic\u0103 ICE \u0219i OSK la oameni?<\/h2>\n\n\n\n<p class=\"wp-block-paragraph\">\u0218oarecii de laborator prezint\u0103 numeroase similitudini cu oamenii din punct de vedere genetic \u0219i fiziologic. Cu toate acestea, exist\u0103 \u0219i diferen\u021be semnificative \u00eentre cele dou\u0103 specii, care trebuie luate \u00een considerare la interpretarea rezultatelor studiilor preclinice.<\/p>\n\n\n\n<p class=\"wp-block-paragraph\">O diferen\u021b\u0103 major\u0103 const\u0103 \u00een faptul c\u0103 \u0219oarecii au o durat\u0103 de via\u021b\u0103 mult mai scurt\u0103 dec\u00e2t oamenii, ceea ce poate influen\u021ba dezvoltarea \u0219i evolu\u021bia anumitor boli. \u00cen plus, dimensiunea \u0219i structura anumitor organe, cum ar fi creierul, pot diferi \u00eentre cele dou\u0103 specii.<\/p>\n\n\n\n<p class=\"wp-block-paragraph\">\u00cen ciuda acestor diferen\u021be, multe dintre procesele celulare \u0219i moleculare care au loc la \u0219oareci sunt prezente \u0219i la oameni, ceea ce \u00eei face modele utile pentru studierea bolilor umane. Deoarece oamenii \u0219i \u0219oarecii sunt foarte asem\u0103n\u0103tori la nivel celular (ambele sunt celule de mamifere), este probabil ca \u0219i celulele umane s\u0103 aib\u0103 copii de rezerv\u0103 ale epigenomului lor.<\/p>\n\n\n\n<div class=\"klaviyo-form-RhXSAR\">&nbsp;<\/div>\n\n\n\n<h2 class=\"wp-block-heading\" id=\"h-moving-forward\">Mergem mai departe<\/h2>\n\n\n\n<p class=\"wp-block-paragraph\">Metoda ICE reprezint\u0103 o etap\u0103 important\u0103 \u00een cercetarea anti-\u00eemb\u0103tr\u00e2nire. Experimentele viitoare privind epigenomul \u0219oarecilor vor fi probabil mai eficiente din punct de vedere al costurilor \u0219i al timpului, \u00eentruc\u00e2t \u0219oarecii ICE ajung la \u201cb\u0103tr\u00e2ne\u021be\u201d dup\u0103 doar \u0219ase luni, \u00een loc de perioada obi\u0219nuit\u0103 de 1,5\u20132 ani.<\/p>\n\n\n\n<p class=\"wp-block-paragraph\">Ar trebui efectuate experimente suplimentare pentru a determina modul \u00een care terapia genic\u0103 cu OSK induce remarcabilul \u201cprogram de \u00eentinerire\u201d observat la \u0219oareci. Poate c\u0103 se pot identifica \u0219i alte modalit\u0103\u021bi, mai eficiente, de restabilire a \u201ecopiei de rezerv\u0103\u201d epigenetice.<\/p>\n\n\n\n<p class=\"wp-block-paragraph\">Cercet\u0103torii sper\u0103 c\u0103 aceast\u0103 publica\u021bie nu numai c\u0103 \u00eei va inspira pe oamenii de \u0219tiin\u021b\u0103 s\u0103 aprofundeze cuno\u0219tin\u021bele privind controlul v\u00e2rstei noastre biologice, ci \u0219i s\u0103 previn\u0103 bolile \u0219i afec\u021biunile asociate v\u00e2rstei \u00eenaintate, precum diabetul de tip 2, bolile neurodegenerative \u0219i bolile cardiovasculare (principala cauz\u0103 de deces \u00een majoritatea \u021b\u0103rilor).<\/p>\n\n\n\n<p class=\"wp-block-paragraph\">Un studiu clinic conving\u0103tor privind suplimentarea cu NMN: <a title=\"Un studiu clinic conving\u0103tor privind suplimentarea cu NMN\" href=\"\/ro\/studiu-convingator-pe-oameni-privind-eficacitatea-nmn\/\">Citi\u021bi \u00een continuare acest studiu promi\u021b\u0103tor despre NMN.<\/a><\/p>\n\n\n\n<div class=\"wp-block-group has-background has-small-font-size wp-container-content-9cfa9a5a\" style=\"background-color:#efefef\"><div class=\"wp-block-group__inner-container is-layout-constrained wp-block-group-is-layout-constrained\">\n<h2 class=\"wp-block-heading\" id=\"h-references\">Referin\u021be:<\/h2>\n\n\n\n<p class=\"wp-block-paragraph\"><a href=\"https:\/\/www.cell.com\/cell\/pdf\/S0092-8674(22)01570-7.pdf\">Pierderea informa\u021biei epigenetice ca cauz\u0103 a \u00eemb\u0103tr\u00e2nirii la mamifere.<\/a><\/p>\n<\/div><\/div>","protected":false},"excerpt":{"rendered":"<p>On January 12th, 2023, a groundbreaking study was published that changes the way we think about aging. If you believe aging to be an inevitable evolutionary course of action and the title of this page to be shameless clickbait, the summary of this new publication may shift your perspective. This pioneering publication is the result [&hellip;]<\/p>\n","protected":false},"author":6,"featured_media":15606,"comment_status":"closed","ping_status":"open","sticky":false,"template":"","format":"standard","meta":{"_acf_changed":false,"footnotes":""},"categories":[68],"tags":[177],"class_list":["post-165","post","type-post","status-publish","format-standard","has-post-thumbnail","hentry","category-science","tag-longevity"],"acf":[],"_links":{"self":[{"href":"https:\/\/staging.purovitalis.com\/ro\/wp-json\/wp\/v2\/posts\/165","targetHints":{"allow":["GET"]}}],"collection":[{"href":"https:\/\/staging.purovitalis.com\/ro\/wp-json\/wp\/v2\/posts"}],"about":[{"href":"https:\/\/staging.purovitalis.com\/ro\/wp-json\/wp\/v2\/types\/post"}],"author":[{"embeddable":true,"href":"https:\/\/staging.purovitalis.com\/ro\/wp-json\/wp\/v2\/users\/6"}],"replies":[{"embeddable":true,"href":"https:\/\/staging.purovitalis.com\/ro\/wp-json\/wp\/v2\/comments?post=165"}],"version-history":[{"count":5,"href":"https:\/\/staging.purovitalis.com\/ro\/wp-json\/wp\/v2\/posts\/165\/revisions"}],"predecessor-version":[{"id":67535,"href":"https:\/\/staging.purovitalis.com\/ro\/wp-json\/wp\/v2\/posts\/165\/revisions\/67535"}],"wp:featuredmedia":[{"embeddable":true,"href":"https:\/\/staging.purovitalis.com\/ro\/wp-json\/wp\/v2\/media\/15606"}],"wp:attachment":[{"href":"https:\/\/staging.purovitalis.com\/ro\/wp-json\/wp\/v2\/media?parent=165"}],"wp:term":[{"taxonomy":"category","embeddable":true,"href":"https:\/\/staging.purovitalis.com\/ro\/wp-json\/wp\/v2\/categories?post=165"},{"taxonomy":"post_tag","embeddable":true,"href":"https:\/\/staging.purovitalis.com\/ro\/wp-json\/wp\/v2\/tags?post=165"}],"curies":[{"name":"wp","href":"https:\/\/api.w.org\/{rel}","templated":true}]}}