{"id":279824,"date":"2025-09-29T15:53:07","date_gmt":"2025-09-29T14:53:07","guid":{"rendered":"https:\/\/purovitalis.com\/?p=279824"},"modified":"2025-09-29T16:06:53","modified_gmt":"2025-09-29T15:06:53","slug":"older-worn-out-and-stuck-behind-the-geraniums-not-according-to-themselves","status":"publish","type":"post","link":"https:\/\/staging.purovitalis.com\/ro\/older-worn-out-and-stuck-behind-the-geraniums-not-according-to-themselves\/","title":{"rendered":"B\u0103tr\u00e2ni, uzati \u0219i l\u0103sa\u021bi \u00een urm\u0103? Nu, dup\u0103 cum spun ei \u00een\u0219i\u0219i"},"content":{"rendered":"<ul class=\"wp-block-list\">\n<li>Olandezii se simt mai tineri dec\u00e2t v\u00e2rsta pe care o au.<\/li>\n\n\n\n<li>\u00cen special din punct de vedere psihic, oamenii se percep ca fiind mai tineri.<\/li>\n\n\n\n<li>Exist\u0103 o diferen\u021b\u0103 semnificativ\u0103 \u00een ceea ce prive\u0219te vitalitatea \u00eentre grupurile de venituri.<\/li>\n<\/ul>\n\n\n\n<p class=\"wp-block-paragraph\"><strong>Haarlem, x august 2025<\/strong> \u2013 Majoritatea olandezilor se simt mult mai tineri dec\u00e2t v\u00e2rsta pe care o au de fapt. \u00cen special persoanele \u00een v\u00e2rst\u0103 nu se consider\u0103 deloc b\u0103tr\u00e2ne \u0219i uzate: o persoan\u0103 cu v\u00e2rsta peste 75 de ani se simte, \u00een medie, ca la 64 de ani. Aceste concluzii reies dintr-un nou studiu realizat de Purovitalis, specialist \u00een longevitate \u0219i \u00eemb\u0103tr\u00e2nire s\u0103n\u0103toas\u0103. Studiul arat\u0103, de asemenea, c\u0103 \u00eemb\u0103tr\u00e2nirea s\u0103n\u0103toas\u0103 este un obiectiv realizabil pentru mul\u021bi olandezi, dar c\u0103 se ad\u00e2nce\u0219te decalajul \u00een materie de s\u0103n\u0103tate \u00eentre grupurile de venituri.<\/p>\n\n\n\n<h3 class=\"wp-block-heading\" id=\"h-dutch-people-want-to-age-vitally\">Olandezii vor s\u0103 \u00eemb\u0103tr\u00e2neasc\u0103 plini de vitalitate<\/h3>\n\n\n\n<p class=\"wp-block-paragraph\">Studiul reprezentativ, realizat pe un e\u0219antion de peste 1.000 de cet\u0103\u021beni olandezi, arat\u0103 c\u0103 oamenii de toate v\u00e2rstele \u00ee\u0219i doresc o via\u021b\u0103 lung\u0103 \u0219i s\u0103n\u0103toas\u0103. Este remarcabil faptul c\u0103 oamenii se consider\u0103 mai tineri nu doar din punct de vedere fizic, ci mai ales din punct de vedere mental.<br>\u201cAcest sentiment de vitalitate nu este o coinciden\u021b\u0103\u201d, spune Koen Ridder, fost sportiv de performan\u021b\u0103 \u0219i fondator al Purovitalis. \u201cTr\u0103im \u00eentr-o epoc\u0103 \u00een care tot mai mul\u021bi oameni se ocup\u0103 \u00een mod activ de s\u0103n\u0103tatea lor, prin alimenta\u021bie, exerci\u021bii fizice, odihn\u0103 \u0219i suplimente alimentare. Acest lucru se reflect\u0103 \u00een aceste cifre.\u201d<\/p>\n\n\n\n<h3 class=\"wp-block-heading\" id=\"h-as-young-as-you-feel\">At\u00e2t de t\u00e2n\u0103r pe c\u00e2t te sim\u021bi<\/h3>\n\n\n\n<p class=\"wp-block-paragraph\">\u201cV\u00e2rsta resim\u021bit\u0103\u201d fizic\u0103 este aproximativ egal\u0103 cu v\u00e2rsta real\u0103 p\u00e2n\u0103 la v\u00e2rsta de aproximativ 35 de ani. Dup\u0103 aceast\u0103 v\u00e2rst\u0103, diferen\u021bele cresc treptat, ajung\u00e2nd la peste 14 ani \u00een r\u00e2ndul persoanelor cu v\u00e2rsta de peste 75 de ani.<\/p>\n\n\n\n<p class=\"wp-block-paragraph\">\u201cV\u00e2rsta perceput\u0103\u201d psihologic este \u0219i mai \u00eendep\u0103rtat\u0103 de v\u00e2rsta real\u0103. Persoanele de treizeci \u0219i ceva de ani se simt deja, \u00een medie, cu aproximativ patru ani mai tinere. La \u00eenceputul anilor patruzeci, aceast\u0103 diferen\u021b\u0103 cre\u0219te la 7 ani, iar persoanele de cincizeci de ani se simt, \u00een medie, cu 10 ani mai tinere din punct de vedere mental. \u00cen r\u00e2ndul persoanelor cu v\u00e2rsta de peste 75 de ani, v\u00e2rsta mental\u0103 nu dep\u0103\u0219e\u0219te 53 de ani.<\/p>\n\n\n\n<p class=\"wp-block-paragraph\">Potrivit lui Ridder, longevitatea nu mai este doar o mod\u0103, ci o viziune asupra vie\u021bii. \u201cOlandezii nu vor doar s\u0103 \u00eemb\u0103tr\u00e2neasc\u0103, ci, \u00een primul r\u00e2nd, vor s\u0103 \u00eemb\u0103tr\u00e2neasc\u0103 \u00een stare bun\u0103 de s\u0103n\u0103tate. Cu sprijinul potrivit, putem avea noi \u00een\u0219ine o influen\u021b\u0103 semnificativ\u0103 \u00een acest sens.\u201d<\/p>\n\n\n\n<h3 class=\"wp-block-heading\" id=\"h-especially-lower-incomes-less-fit\">\u00cen special persoanele cu venituri mai mici sunt mai pu\u021bin \u00een form\u0103<\/h3>\n\n\n\n<p class=\"wp-block-paragraph\">Persoanele cu venituri mici se simt, \u00een general, mult mai \u00een v\u00e2rst\u0103 dec\u00e2t cele cu venituri medii \u0219i mari. \u00cen cele dou\u0103 grupuri din urm\u0103, oamenii se simt cu 5 p\u00e2n\u0103 la 7 ani mai tineri, \u00een mod general, \u00een timp ce persoanele cu venituri mici se simt la v\u00e2rsta pe care o au \u00een realitate.<br>Ridder: \u201cInegalitatea cresc\u00e2nd\u0103 a veniturilor afecteaz\u0103 nu doar bugetul, ci \u0219i s\u0103n\u0103tatea. Alimenta\u021bia s\u0103n\u0103toas\u0103, sportul \u0219i accesul la mijloace care sus\u021bin vitalitatea sunt \u00eenc\u0103, de prea multe ori, un lux. Longevitatea nu ar trebui s\u0103 fie un privilegiu, ci un drept fundamental. Prin m\u0103suri de prevenire \u021bintite, suplimente accesibile \u0219i un stil de via\u021b\u0103 adaptat situa\u021biei fiec\u0103ruia, putem reduce aceast\u0103 discrepan\u021b\u0103.\u201d<\/p>\n\n\n\n<div style=\"height:48px\" aria-hidden=\"true\" class=\"wp-block-spacer\"><\/div>\n\n\n\n<hr class=\"wp-block-separator has-alpha-channel-opacity\"\/>\n\n\n\n<div style=\"height:48px\" aria-hidden=\"true\" class=\"wp-block-spacer\"><\/div>\n\n\n\n<p class=\"wp-block-paragraph\"><strong>Mai multe informa\u021bii \u0219i date de contact<\/strong><br>Pentru mai multe informa\u021bii, imagini sau interviuri: <a>milan@hibou.nl<\/a><\/p>\n\n\n\n<p class=\"wp-block-paragraph\"><\/p>","protected":false},"excerpt":{"rendered":"<p>Haarlem, August x, 2025 \u2013 Most Dutch people feel much younger than they actually are. Especially older people hardly see themselves as old and worn out: the average person over 75 feels only 64 years old. This emerges from new research by Purovitalis, specialist in longevity and healthy aging. The study also shows that healthy [&hellip;]<\/p>\n","protected":false},"author":6,"featured_media":279830,"comment_status":"closed","ping_status":"closed","sticky":false,"template":"","format":"standard","meta":{"_acf_changed":false,"footnotes":""},"categories":[262],"tags":[],"class_list":["post-279824","post","type-post","status-publish","format-standard","has-post-thumbnail","hentry","category-press"],"acf":[],"_links":{"self":[{"href":"https:\/\/staging.purovitalis.com\/ro\/wp-json\/wp\/v2\/posts\/279824","targetHints":{"allow":["GET"]}}],"collection":[{"href":"https:\/\/staging.purovitalis.com\/ro\/wp-json\/wp\/v2\/posts"}],"about":[{"href":"https:\/\/staging.purovitalis.com\/ro\/wp-json\/wp\/v2\/types\/post"}],"author":[{"embeddable":true,"href":"https:\/\/staging.purovitalis.com\/ro\/wp-json\/wp\/v2\/users\/6"}],"replies":[{"embeddable":true,"href":"https:\/\/staging.purovitalis.com\/ro\/wp-json\/wp\/v2\/comments?post=279824"}],"version-history":[{"count":4,"href":"https:\/\/staging.purovitalis.com\/ro\/wp-json\/wp\/v2\/posts\/279824\/revisions"}],"predecessor-version":[{"id":279833,"href":"https:\/\/staging.purovitalis.com\/ro\/wp-json\/wp\/v2\/posts\/279824\/revisions\/279833"}],"wp:featuredmedia":[{"embeddable":true,"href":"https:\/\/staging.purovitalis.com\/ro\/wp-json\/wp\/v2\/media\/279830"}],"wp:attachment":[{"href":"https:\/\/staging.purovitalis.com\/ro\/wp-json\/wp\/v2\/media?parent=279824"}],"wp:term":[{"taxonomy":"category","embeddable":true,"href":"https:\/\/staging.purovitalis.com\/ro\/wp-json\/wp\/v2\/categories?post=279824"},{"taxonomy":"post_tag","embeddable":true,"href":"https:\/\/staging.purovitalis.com\/ro\/wp-json\/wp\/v2\/tags?post=279824"}],"curies":[{"name":"wp","href":"https:\/\/api.w.org\/{rel}","templated":true}]}}