{"id":325429,"date":"2026-01-21T13:56:10","date_gmt":"2026-01-21T12:56:10","guid":{"rendered":"https:\/\/purovitalis.com\/?p=325429"},"modified":"2026-01-21T13:56:11","modified_gmt":"2026-01-21T12:56:11","slug":"study-social-connection-in-older-adults","status":"publish","type":"post","link":"https:\/\/staging.purovitalis.com\/ro\/study-social-connection-in-older-adults\/","title":{"rendered":"Studiu: Conexiunea social\u0103 \u0219i riscul de mortalitate la persoanele \u00een v\u00e2rst\u0103"},"content":{"rendered":"<div class=\"taxonomy-post_tag blog-tags wp-block-post-terms\"><a href=\"https:\/\/staging.purovitalis.com\/ro\/tag\/longevity\/\" rel=\"tag\">longevitate<\/a><\/div>\n\n\n<p class=\"wp-block-paragraph\">C\u00e2nd vorbim despre \u00eemb\u0103tr\u00e2nirea s\u0103n\u0103toas\u0103 \u0219i longevitate, discu\u021bia se concentreaz\u0103 adesea pe alimenta\u021bie, activitatea fizic\u0103 \u0219i mecanismele biologice. \u00cen ultimii ani, \u00eens\u0103, cercet\u0103rile au eviden\u021biat din ce \u00een ce mai mult faptul c\u0103 factorii sociali joac\u0103 un rol mult mai important \u00een s\u0103n\u0103tate dec\u00e2t se credea anterior. <\/p>\n\n\n\n<p class=\"wp-block-paragraph\">O revizuire sistematic\u0103 \u0219i o metaanaliz\u0103 recente, publicate \u00een <em>Cercet\u0103ri clinice \u0219i experimentale privind \u00eemb\u0103tr\u00e2nirea<\/em> reune\u0219te date provenite dintr-o gam\u0103 larg\u0103 de studii care analizeaz\u0103 rela\u021bia dintre leg\u0103turile sociale \u0219i mortalitatea \u00een r\u00e2ndul persoanelor \u00een v\u00e2rst\u0103.<\/p>\n\n\n\n<p class=\"wp-block-paragraph\">Citi\u021bi articolul de pe blog pentru a afla cum, potrivit acestui studiu, faptul de a locui singur, singur\u0103tatea \u0219i izolarea social\u0103 pot influen\u021ba longevitatea \u0219i starea de s\u0103n\u0103tate pe termen lung.<\/p>\n\n\n\n<div class=\"wp-block-group blog-table-of-contents\"><div class=\"wp-block-group__inner-container is-layout-constrained wp-block-group-is-layout-constrained\">\n<p class=\"wp-block-paragraph\">cuprins<\/p>\n\n\n\n<nav class=\"table-of-contents__nav\">\n\n\n\n<ul class=\"wp-block-list\">\n<li><a href=\"#Study-overview\" data-type=\"internal\" data-id=\"#Study-overview\">Prezentare general\u0103 a studiului<\/a><\/li>\n\n\n\n<li><a href=\"#What-does-the-research-show-about-mortality?\">Ce arat\u0103 studiile cu privire la mortalitate?<\/a><\/li>\n\n\n\n<li id=\"What-does-the-study-tell-us?\"><a href=\"#What-does-the-study-tell-us?\">Ce ne arat\u0103 studiul? <\/a><\/li>\n\n\n\n<li><a href=\"#How-can-this-be-approached-in-everyday-life?\">Cum se poate aborda acest lucru \u00een via\u021ba de zi cu zi?<\/a><\/li>\n<\/ul>\n\n\n\n<\/nav>\n<\/div><\/div>\n\n\n\n<h2 class=\"wp-block-heading\" id=\"Study-overview\">Prezentare general\u0103 a studiului<\/h2>\n\n\n\n<p class=\"wp-block-paragraph\">Acest articol se bazeaz\u0103 pe o ampl\u0103 revizuire sistematic\u0103 \u0219i meta-analiz\u0103 publicat\u0103 \u00een <em>Cercet\u0103ri clinice \u0219i experimentale privind \u00eemb\u0103tr\u00e2nirea<\/em> \u00een 2024. Studiul reune\u0219te date din 86 de studii observa\u021bionale prospective care analizeaz\u0103 modul \u00een care diferite forme de leg\u0103turi sociale se raporteaz\u0103 la riscul de mortalitate \u00een r\u00e2ndul persoanelor \u00een v\u00e2rst\u0103.<\/p>\n\n\n\n<p class=\"wp-block-paragraph\">\u00cen loc s\u0103 se concentreze asupra unui singur factor social, cercet\u0103torii \u0219i-au propus s\u0103 analizeze trei dimensiuni conexe, dar distincte, ale vie\u021bii sociale: faptul de a locui singur, singur\u0103tatea \u0219i izolarea social\u0103. <\/p>\n\n\n\n<p class=\"wp-block-paragraph\">Ace\u0219ti factori sunt adesea grupa\u021bi \u00eempreun\u0103 \u00een cercet\u0103ri \u0219i \u00een dezbaterile publice, \u00eens\u0103 studiul subliniaz\u0103 faptul c\u0103 ace\u0219tia reprezint\u0103 aspecte diferite ale experien\u021bei sociale \u0219i pot influen\u021ba s\u0103n\u0103tatea \u0219i longevitatea \u00een moduri diferite.<\/p>\n\n\n\n<p class=\"wp-block-paragraph\">Studiile incluse au urm\u0103rit persoanele \u00een v\u00e2rst\u0103 pe o perioad\u0103 \u00eendelungat\u0103 \u0219i au evaluat at\u00e2t mortalitatea din toate cauzele, c\u00e2t \u0219i mortalitatea specific\u0103 anumitor cauze, inclusiv decesele de origine cardiovascular\u0103. Prin combinarea datelor provenite de la diverse popula\u021bii, \u021b\u0103ri \u0219i metode de m\u0103surare, meta-analiza a urm\u0103rit s\u0103 clarifice modul \u00een care fiecare factor social se raporteaz\u0103, \u00een mod independent, la longevitatea la v\u00e2rste \u00eenaintate.<\/p>\n\n\n\n<p class=\"wp-block-paragraph\">Pentru a \u00een\u021belege concluziile studiului, este important s\u0103 se fac\u0103 o distinc\u021bie clar\u0103 \u00eentre aceste trei concepte.<\/p>\n\n\n\n<h3 class=\"wp-block-heading\">A tr\u0103i singur<\/h3>\n\n\n\n<p class=\"wp-block-paragraph\">Termenul \u201ea locui singur\u201d se refer\u0103 la situa\u021bia de gospod\u0103rie a unei persoane \u0219i reprezint\u0103 un indicator structural \u0219i demografic. Acesta descrie dac\u0103 o persoan\u0103 locuie\u0219te singur\u0103 sau \u00eempreun\u0103 cu alte persoane, f\u0103r\u0103 a oferi informa\u021bii despre implicarea social\u0103 sau starea de bine emo\u021bional\u0103.<\/p>\n\n\n\n<p class=\"wp-block-paragraph\">Studiul subliniaz\u0103 faptul c\u0103 a locui singur nu ar trebui interpretat \u00een mod automat ca o izolare social\u0103. Mul\u021bi v\u00e2rstnici care locuiesc singuri r\u0103m\u00e2n activi din punct de vedere social \u0219i au o re\u021bea social\u0103 solid\u0103, \u00een timp ce al\u021bii, care locuiesc \u00eempreun\u0103 cu alte persoane, pot beneficia totu\u0219i de un sprijin social limitat.<\/p>\n\n\n\n<h3 class=\"wp-block-heading\">Singur\u0103tatea<\/h3>\n\n\n\n<p class=\"wp-block-paragraph\">Singur\u0103tatea reflect\u0103 o experien\u021b\u0103 subiectiv\u0103 de deconectare social\u0103. Ea este definit\u0103 de modul \u00een care indivizii percep adecvarea \u0219i calitatea rela\u021biilor lor sociale, mai degrab\u0103 dec\u00e2t de num\u0103rul de contacte pe care le au.<\/p>\n\n\n\n<p class=\"wp-block-paragraph\">\u00cen contextul studiului, singur\u0103tatea este \u00een\u021beleas\u0103 ca o reac\u021bie emo\u021bional\u0103 care poate ap\u0103rea indiferent de condi\u021biile de locuit sau de m\u0103rimea re\u021belei sociale. Aceast\u0103 distinc\u021bie ajut\u0103 la explicarea motivului pentru care singur\u0103tatea poate fi prezent\u0103 chiar \u0219i la persoanele active din punct de vedere social.<\/p>\n\n\n\n<h3 class=\"wp-block-heading\">Izolarea social\u0103<\/h3>\n\n\n\n<p class=\"wp-block-paragraph\">Izolarea social\u0103 este o m\u0103sur\u0103 obiectiv\u0103 a contactului social \u0219i a particip\u0103rii sociale. De obicei, aceasta reflect\u0103 aspecte precum dimensiunea re\u021belelor sociale, frecven\u021ba interac\u021biunilor \u0219i implicarea \u00een activit\u0103\u021bi sociale.<\/p>\n\n\n\n<p class=\"wp-block-paragraph\">Spre deosebire de singur\u0103tate, izolarea social\u0103 nu \u021bine seama de modul \u00een care indivizii \u00ee\u0219i percep situa\u021bia social\u0103. Studiul trateaz\u0103 izolarea social\u0103 ca pe un concept distinct, recunosc\u00e2nd faptul c\u0103 contactul social limitat nu duce \u00eentotdeauna la percep\u021bia de singur\u0103tate, dar poate avea totu\u0219i implica\u021bii asupra st\u0103rii de s\u0103n\u0103tate.<\/p>\n\n\n\n<div class=\"wp-block-group blog-summary\"><div class=\"wp-block-group__inner-container is-layout-constrained wp-block-group-is-layout-constrained\">\n<p class=\"wp-block-paragraph\">Pe scurt<\/p>\n\n\n\n<p class=\"wp-block-paragraph\">A locui singur descrie situa\u021bia de via\u021b\u0103 a unei persoane, singur\u0103tatea se refer\u0103 la modul \u00een care o persoan\u0103 \u00ee\u0219i percepe rela\u021biile sociale, iar izolarea social\u0103 reflect\u0103 o lips\u0103 obiectiv\u0103 de contact social. O persoan\u0103 poate fi \u00eenconjurat\u0103 de al\u021bii \u0219i totu\u0219i s\u0103 se simt\u0103 singur\u0103, \u00een timp ce cineva care locuie\u0219te singur nu simte neap\u0103rat singur\u0103tate.<\/p>\n<\/div><\/div>\n\n\n\n<h3 class=\"wp-block-heading\">De ce este important\u0103 distinc\u021bia dintre aceste concepte<\/h3>\n\n\n\n<p class=\"wp-block-paragraph\">Studiul subliniaz\u0103 faptul c\u0103, de\u0219i ace\u0219ti trei factori sociali se suprapun adesea, ei reprezint\u0103 aspecte diferite ale bun\u0103st\u0103rii sociale. Aceast\u0103 distinc\u021bie este important\u0103 atunci c\u00e2nd se analizeaz\u0103 rela\u021bia lor cu s\u0103n\u0103tatea \u0219i mortalitatea. F\u0103r\u0103 o diferen\u021biere clar\u0103 \u00eentre ace\u0219tia, pot fi trecute cu vederea nuan\u021be importante privind modul \u00een care factorii sociali influen\u021beaz\u0103 \u00eemb\u0103tr\u00e2nirea \u0219i riscul de \u00eemboln\u0103vire.<\/p>\n\n\n\n<h2 class=\"wp-block-heading\" id=\"What-does-the-research-show-about-mortality?\">Ce arat\u0103 studiile cu privire la mortalitate?<\/h2>\n\n\n\n<p class=\"wp-block-paragraph\">\u00cen acest context, studiul analizeaz\u0103 modul \u00een care faptul de a locui singur, singur\u0103tatea \u0219i izolarea social\u0103 se reflect\u0103 \u00een rezultatele de mai t\u00e2rziu \u00een via\u021b\u0103. Potrivit studiului, ace\u0219ti factori nu au acelea\u0219i implica\u021bii asupra s\u0103n\u0103t\u0103\u021bii.<\/p>\n\n\n\n<h3 class=\"wp-block-heading\">Izolarea social\u0103 \u0219i mortalitatea<\/h3>\n\n\n\n<p class=\"wp-block-paragraph\">Izolarea social\u0103 prezint\u0103 cea mai puternic\u0103 \u0219i mai consistent\u0103 asociere cu cre\u0219terea mortalit\u0103\u021bii. Studiul arat\u0103 c\u0103 persoanele \u00een v\u00e2rst\u0103 cu contacte sociale limitate \u0219i cu un nivel sc\u0103zut de participare la activit\u0103\u021bi sociale prezint\u0103 un risc semnificativ mai ridicat at\u00e2t de mortalitate din orice cauz\u0103, c\u00e2t \u0219i de mortalitate cardiovascular\u0103, \u00een compara\u021bie cu cele care sunt mai implicate social.<\/p>\n\n\n\n<p class=\"wp-block-paragraph\">Aceast\u0103 asociere se observ\u0103 \u00een r\u00e2ndul diferitelor popula\u021bii \u0219i prin diverse metode de m\u0103surare, ceea ce sugereaz\u0103 c\u0103 izolarea social\u0103 \u00een sine ar putea constitui un factor de risc independent pentru decesul prematur la v\u00e2rste \u00eenaintate.<\/p>\n\n\n\n<h3 class=\"wp-block-heading\">Singur\u0103tatea \u0219i mortalitatea<\/h3>\n\n\n\n<p class=\"wp-block-paragraph\">Singur\u0103tatea este, de asemenea, asociat\u0103 cu un risc mai ridicat de mortalitate, de\u0219i aceast\u0103 leg\u0103tur\u0103 este, \u00een general, mai slab\u0103 dec\u00e2t \u00een cazul izol\u0103rii sociale. Studiul arat\u0103 c\u0103 persoanele \u00een v\u00e2rst\u0103 care declar\u0103 c\u0103 se simt singure prezint\u0103 un risc mai ridicat de mortalitate din orice cauz\u0103 \u0219i, \u00een unele analize, un risc mai ridicat de mortalitate din cauze cardiovasculare.<\/p>\n\n\n\n<p class=\"wp-block-paragraph\">Intensitatea acestei asocieri variaz\u0103 mai mult de la o analiz\u0103 la alta. Potrivit autorilor, aceast\u0103 varia\u021bie ar putea reflecta diferen\u021bele \u00een modul \u00een care este m\u0103surat\u0103 singur\u0103tatea \u0219i \u00een modul \u00een care aceasta este resim\u021bit\u0103 \u00een diferite contexte. \u00cen ansamblu, rezultatele sugereaz\u0103 c\u0103 singur\u0103tatea perceput\u0103 joac\u0103 un rol \u00een supravie\u021buirea la v\u00e2rste \u00eenaintate.<\/p>\n\n\n\n<h3 class=\"wp-block-heading\">Via\u021ba \u00een singur\u0103tate \u0219i mortalitatea<\/h3>\n\n\n\n<p class=\"wp-block-paragraph\">Faptul de a locui singur este, de asemenea, asociat cu un risc crescut de mortalitate, dar aceast\u0103 corela\u021bie este mai moderat\u0103 \u00een compara\u021bie at\u00e2t cu izolarea social\u0103, c\u00e2t \u0219i cu singur\u0103tatea. Studiul arat\u0103 c\u0103 faptul de a locui singur, \u00een sine, nu constituie un indicator puternic sau consistent al unei mortalit\u0103\u021bi mai ridicate.<\/p>\n\n\n\n<p class=\"wp-block-paragraph\">Autorii subliniaz\u0103 faptul c\u0103 modul de locuire nu reflect\u0103 neap\u0103rat nivelul de integrare social\u0103 al unei persoane. Mul\u021bi v\u00e2rstnici care locuiesc singuri r\u0103m\u00e2n activi din punct de vedere social, \u00een timp ce al\u021bii, care locuiesc \u00eempreun\u0103 cu alte persoane, pot totu\u0219i s\u0103 se confrunte cu izolarea sau singur\u0103tatea.<\/p>\n\n\n\n<h3 class=\"wp-block-heading\">Coeren\u021ba \u0219i varia\u021bia \u00eentre studii<\/h3>\n\n\n\n<p class=\"wp-block-paragraph\">O constatare important\u0103 a studiului este c\u0103 leg\u0103turile dintre factorii sociali \u0219i mortalitate se observ\u0103 \u00een diferite \u021b\u0103ri, culturi \u0219i metode de m\u0103surare. Acest lucru consolideaz\u0103 dovezile conform c\u0103rora leg\u0103turile sociale sunt corelate cu supravie\u021buirea persoanelor \u00een v\u00e2rst\u0103 \u00eentr-o gam\u0103 larg\u0103 de contexte.<\/p>\n\n\n\n<p class=\"wp-block-paragraph\">\u00cen acela\u0219i timp, autorii remarc\u0103 varia\u021bii considerabile \u00eentre studii. Diferen\u021bele se refer\u0103 la modul \u00een care sunt m\u0103sura\u021bi factorii sociali, la durata urm\u0103ririi participan\u021bilor \u0219i la factorii lega\u021bi de s\u0103n\u0103tate pentru care se efectueaz\u0103 ajust\u0103ri. \u00cen ciuda acestor varia\u021bii, tendin\u021ba general\u0103 a rezultatelor r\u0103m\u00e2ne consecvent\u0103.<\/p>\n\n\n\n<h2 class=\"wp-block-heading\">Ce ne arat\u0103 studiul? <\/h2>\n\n\n\n<p class=\"wp-block-paragraph\">Studiul ofer\u0103 o perspectiv\u0103 mai nuan\u021bat\u0103 asupra modului \u00een care rela\u021biile sociale influen\u021beaz\u0103 starea de s\u0103n\u0103tate la v\u00e2rste \u00eenaintate. Prin distingerea clar\u0103 \u00eentre singur\u0103tate, izolare social\u0103 \u0219i faptul de a locui singur, cercetarea arat\u0103 c\u0103 ace\u0219ti factori nu au acelea\u0219i implica\u021bii asupra mortalit\u0103\u021bii. Potrivit studiului, izolarea social\u0103 se eviden\u021biaz\u0103 ca fiind cel mai constant factor de risc, \u00een timp ce singur\u0103tatea \u0219i faptul de a locui singur joac\u0103 un rol mai variabil.<\/p>\n\n\n\n<p class=\"wp-block-paragraph\">\u00cen acela\u0219i timp, cercet\u0103torii subliniaz\u0103 c\u0103 este \u00eenc\u0103 necesar\u0103 o analiz\u0103 mai aprofundat\u0103 a modului \u00een care ace\u0219ti factori sociali interac\u021bioneaz\u0103 de-a lungul timpului. O mai bun\u0103 \u00een\u021belegere a interac\u021biunii dintre diferitele forme de leg\u0103turi sociale ar putea fi important\u0103 pentru eforturile viitoare axate pe sprijinirea \u00eemb\u0103tr\u00e2nirii s\u0103n\u0103toase.<\/p>\n\n\n\n<h2 class=\"wp-block-heading\" id=\"How-can-this-be-approached-in-everyday-life?\">Cum se poate aborda acest lucru \u00een via\u021ba de zi cu zi?<\/h2>\n\n\n\n<p class=\"wp-block-paragraph\">Studiul nu indic\u0103 solu\u021bii concrete, dar concluziile sale subliniaz\u0103 faptul c\u0103 rela\u021biile sociale sunt importante pentru s\u0103n\u0103tatea persoanelor \u00een v\u00e2rst\u0103. \u00cen practic\u0103, acest lucru nu \u00eenseamn\u0103 neap\u0103rat s\u0103 ai multe contacte sociale, ci mai degrab\u0103 s\u0103 fii atent at\u00e2t la prezen\u021ba, c\u00e2t \u0219i la calitatea leg\u0103turilor sociale din via\u021ba de zi cu zi.<\/p>\n\n\n\n<p class=\"wp-block-paragraph\">Chiar \u0219i gesturile mici pot face diferen\u021ba. Printre acestea se pot num\u0103ra men\u021binerea unui contact regulat cu familia sau prietenii, implicarea \u00een comunit\u0103\u021bi care le ofer\u0103 un sentiment de \u00eemplinire sau stabilirea unor rutine simple care creeaz\u0103 ocazii de interac\u021biune social\u0103. \u00cen acela\u0219i timp, este important s\u0103 re\u021binem c\u0103 a tr\u0103i singur nu reprezint\u0103 o problem\u0103 \u00een sine \u2014 multe persoane se simt \u00eemplinite \u00een propria companie, at\u00e2ta timp c\u00e2t se simt conectate cu ceilal\u021bi.<\/p>\n\n\n\n<p class=\"wp-block-paragraph\">Pentru unii, ar putea fi de asemenea util s\u0103 fie aten\u021bi la semnele de singur\u0103tate sau de izolare social\u0103, at\u00e2t la ei \u00een\u0219i\u0219i, c\u00e2t \u0219i la cei din jur. A lua leg\u0103tura cu cineva, a \u00eentreba ce mai face sau a oferi companie pot fi gesturi mici, dar pline de semnifica\u021bie.<\/p>\n\n\n\n<p class=\"wp-block-paragraph\">Dup\u0103 cum arat\u0103 studiul, rela\u021biile sociale nu sunt la fel pentru toat\u0103 lumea. Mai degrab\u0103 dec\u00e2t o solu\u021bie universal\u0103, ceea ce conteaz\u0103 cel mai mult este con\u0219tientizarea continu\u0103 a modului \u00een care leg\u0103turile sociale se integreaz\u0103 \u00een via\u021ba fiec\u0103ruia \u0219i \u00een starea sa general\u0103 de bine de-a lungul timpului.<\/p>\n\n\n\n<details class=\"wp-block-details blog-references is-layout-flow wp-block-details-is-layout-flow\"><summary>Referin\u021be <\/summary>\n<ol class=\"wp-block-list\">\n<li>Nakou A, Dragioti E, Bastas N, Zagorianakou N, Kakaidi V, Tsartsalis D \u0219i colab. Singur\u0103tatea, izolarea social\u0103 \u0219i faptul de a locui singur: o revizuire sistematic\u0103 cuprinz\u0103toare, o metaanaliz\u0103 \u0219i o metaregresie privind riscurile de mortalitate la persoanele \u00een v\u00e2rst\u0103. <em>Aging: Cercet\u0103ri clinice \u0219i experimentale.<\/em> 2025;37:29. doi:10.1007\/s40520-024-02925-1<\/li>\n<\/ol>\n<\/details>\n\n\n\n<p class=\"wp-block-paragraph\"><\/p>","protected":false},"excerpt":{"rendered":"<p>When we talk about healthy aging and longevity, the conversation often centers on diet, physical activity, and biological mechanisms. In recent years, however, research has increasingly pointed to social factors as playing a far more significant role in health than previously assumed. A recent systematic review and meta-analysis published in Aging Clinical and Experimental Research [&hellip;]<\/p>\n","protected":false},"author":6,"featured_media":325490,"comment_status":"closed","ping_status":"closed","sticky":false,"template":"","format":"standard","meta":{"_acf_changed":false,"footnotes":""},"categories":[68],"tags":[177],"class_list":["post-325429","post","type-post","status-publish","format-standard","has-post-thumbnail","hentry","category-science","tag-longevity"],"acf":[],"_links":{"self":[{"href":"https:\/\/staging.purovitalis.com\/ro\/wp-json\/wp\/v2\/posts\/325429","targetHints":{"allow":["GET"]}}],"collection":[{"href":"https:\/\/staging.purovitalis.com\/ro\/wp-json\/wp\/v2\/posts"}],"about":[{"href":"https:\/\/staging.purovitalis.com\/ro\/wp-json\/wp\/v2\/types\/post"}],"author":[{"embeddable":true,"href":"https:\/\/staging.purovitalis.com\/ro\/wp-json\/wp\/v2\/users\/6"}],"replies":[{"embeddable":true,"href":"https:\/\/staging.purovitalis.com\/ro\/wp-json\/wp\/v2\/comments?post=325429"}],"version-history":[{"count":5,"href":"https:\/\/staging.purovitalis.com\/ro\/wp-json\/wp\/v2\/posts\/325429\/revisions"}],"predecessor-version":[{"id":325557,"href":"https:\/\/staging.purovitalis.com\/ro\/wp-json\/wp\/v2\/posts\/325429\/revisions\/325557"}],"wp:featuredmedia":[{"embeddable":true,"href":"https:\/\/staging.purovitalis.com\/ro\/wp-json\/wp\/v2\/media\/325490"}],"wp:attachment":[{"href":"https:\/\/staging.purovitalis.com\/ro\/wp-json\/wp\/v2\/media?parent=325429"}],"wp:term":[{"taxonomy":"category","embeddable":true,"href":"https:\/\/staging.purovitalis.com\/ro\/wp-json\/wp\/v2\/categories?post=325429"},{"taxonomy":"post_tag","embeddable":true,"href":"https:\/\/staging.purovitalis.com\/ro\/wp-json\/wp\/v2\/tags?post=325429"}],"curies":[{"name":"wp","href":"https:\/\/api.w.org\/{rel}","templated":true}]}}